{"id":1653,"date":"2022-02-09T11:20:01","date_gmt":"2022-02-09T11:20:01","guid":{"rendered":"https:\/\/www.upo.es\/investiga\/globalhistory\/?p=1653"},"modified":"2022-02-09T11:21:16","modified_gmt":"2022-02-09T11:21:16","slug":"conferencia-de-la-profesora-bethany-aram-el-proximo-2-de-marzo-en-el-ciclo-encuentros-e-intercambios-globales-en-la-edad-moderna-de-la-universidad-de-valencia","status":"publish","type":"post","link":"https:\/\/www.upo.es\/investiga\/globalhistory\/conferencia-de-la-profesora-bethany-aram-el-proximo-2-de-marzo-en-el-ciclo-encuentros-e-intercambios-globales-en-la-edad-moderna-de-la-universidad-de-valencia\/","title":{"rendered":"Conferencia de la profesora Bethany Aram el pr\u00f3ximo 2 de marzo en el ciclo \u00abEncuentros e intercambios globales en la Edad Moderna\u00bb de la Universidad de Valencia"},"content":{"rendered":"\n<p>El \u00c1rea de Historia Moderna del Departamento de Historia Moderna y Contempor\u00e1nea de la Universidad de Valencia organiza, los pr\u00f3ximos 2 y 3 de marzo de 2022, el ciclo de conferencias titulado \u00abEncuentros e intercambios globales en la Edad Moderna\u00bb. En este ciclo, se dan cita varios investigadores e investigadoras que reflexionan, desde una perspectiva transnacional y global, sobre la primera globalizaci\u00f3n. y sus intercambios interculturales, econ\u00f3micos, religiosos, pol\u00edticos y de otra \u00edndole.<\/p>\n\n\n\n<p>La profesora Bethany Aram, miembro del grupo PAI HUM 1000, y profesora titular de Historia Moderna de la UPO, contribuye a este ciclo con la conferencia \u00abEntre la esclavitud y la libertad. Desde el istmo de Panam\u00e1 sin retorno, c. 1530-1600\u00bb.<\/p>\n\n\n\n<p>El ciclo tendr\u00e1 lugar en la Sala Palmireno (Avenida Blasco Ib\u00e1\u00f1ez 28, Valencia) y, si desea m\u00e1s informaci\u00f3n sobre los ponentes y sus comunicaciones, puede consultar el programa completo de la actividad <a href=\"https:\/\/www.upo.es\/investiga\/globalhistory\/wp-content\/uploads\/2022\/02\/Programa_CAS_2.pdf\">aqu\u00ed<\/a>. <\/p>\n\n\n\n<div class=\"wp-block-file\"><a href=\"https:\/\/www.upo.es\/investiga\/globalhistory\/wp-content\/uploads\/2022\/02\/Programa_CAS_2.pdf\">Programa_CAS_2<\/a><a href=\"https:\/\/www.upo.es\/investiga\/globalhistory\/wp-content\/uploads\/2022\/02\/Programa_CAS_2.pdf\" class=\"wp-block-file__button\" download>Descarga<\/a><\/div>\n\n\n\n<p><\/p>\n","protected":false},"excerpt":{"rendered":"<p>El \u00c1rea de Historia Moderna del Departamento de Historia Moderna y Contempor\u00e1nea de la Universidad de Valencia organiza, los pr\u00f3ximos 2 y 3 de marzo de 2022, el ciclo de conferencias titulado \u00abEncuentros e intercambios globales en la Edad Moderna\u00bb. En este ciclo, se dan cita varios investigadores e investigadoras [&hellip;]<\/p>\n","protected":false},"author":1,"featured_media":1654,"comment_status":"open","ping_status":"open","sticky":false,"template":"","format":"standard","meta":{"footnotes":""},"categories":[254,154,60],"tags":[],"_links":{"self":[{"href":"https:\/\/www.upo.es\/investiga\/globalhistory\/wp-json\/wp\/v2\/posts\/1653"}],"collection":[{"href":"https:\/\/www.upo.es\/investiga\/globalhistory\/wp-json\/wp\/v2\/posts"}],"about":[{"href":"https:\/\/www.upo.es\/investiga\/globalhistory\/wp-json\/wp\/v2\/types\/post"}],"author":[{"embeddable":true,"href":"https:\/\/www.upo.es\/investiga\/globalhistory\/wp-json\/wp\/v2\/users\/1"}],"replies":[{"embeddable":true,"href":"https:\/\/www.upo.es\/investiga\/globalhistory\/wp-json\/wp\/v2\/comments?post=1653"}],"version-history":[{"count":2,"href":"https:\/\/www.upo.es\/investiga\/globalhistory\/wp-json\/wp\/v2\/posts\/1653\/revisions"}],"predecessor-version":[{"id":1657,"href":"https:\/\/www.upo.es\/investiga\/globalhistory\/wp-json\/wp\/v2\/posts\/1653\/revisions\/1657"}],"wp:featuredmedia":[{"embeddable":true,"href":"https:\/\/www.upo.es\/investiga\/globalhistory\/wp-json\/wp\/v2\/media\/1654"}],"wp:attachment":[{"href":"https:\/\/www.upo.es\/investiga\/globalhistory\/wp-json\/wp\/v2\/media?parent=1653"}],"wp:term":[{"taxonomy":"category","embeddable":true,"href":"https:\/\/www.upo.es\/investiga\/globalhistory\/wp-json\/wp\/v2\/categories?post=1653"},{"taxonomy":"post_tag","embeddable":true,"href":"https:\/\/www.upo.es\/investiga\/globalhistory\/wp-json\/wp\/v2\/tags?post=1653"}],"curies":[{"name":"wp","href":"https:\/\/api.w.org\/{rel}","templated":true}]}}