{"id":1661,"date":"2022-03-04T12:48:06","date_gmt":"2022-03-04T12:48:06","guid":{"rendered":"https:\/\/www.upo.es\/investiga\/globalhistory\/?p=1661"},"modified":"2022-03-04T12:48:07","modified_gmt":"2022-03-04T12:48:07","slug":"proxima-sesion-del-seminario-permanente-los-mundos-ibericos-y-la-globalizacion-temprana-el-jueves-10-de-marzo-a-las-1600-h-cet","status":"publish","type":"post","link":"https:\/\/www.upo.es\/investiga\/globalhistory\/proxima-sesion-del-seminario-permanente-los-mundos-ibericos-y-la-globalizacion-temprana-el-jueves-10-de-marzo-a-las-1600-h-cet\/","title":{"rendered":"Pr\u00f3xima sesi\u00f3n del Seminario permanente \u00abLos mundos ib\u00e9ricos y la globalizaci\u00f3n temprana\u00bb el jueves 10 de marzo a las 16:00 h. (CET)"},"content":{"rendered":"\n<p>El Seminario permanente \u00abLos mundos ib\u00e9ricos y la globalizaci\u00f3n temprana\u00bb retoma su actividad mensual el pr\u00f3ximo jueves d\u00eda 10 de marzo, con motivo del D\u00eda International de la Mujer, con una sesi\u00f3n promovida  desde el Proyecto FEDER-UPO-1380997, \u00abG\u00e9nero y etnia en el istmo de Panam\u00e1, 1500-1700, y en otros \u00e1mbitos.\u00bb y desde el grupo PAI HUM 1000 \u00abHistoria de la Globalizaci\u00f3n.\u00bb<\/p>\n\n\n\n<p>En esta ocasi\u00f3n, la sesi\u00f3n llevar\u00e1 por t\u00edtulo \u00abEl tr\u00e1fico de personas y la explotaci\u00f3n sexual en el pasado y el presente\u00bb\/\u00bbHuman Trafficking and Sexual Exploitation in the Past and Present\u00bb y contar\u00e1 con las ponencias de las profesoras Bethany Aram (\u00c1rea de Historia Moderna, UPO) y Nuria Cordero Ramos (\u00c1rea de Trabajo y Servicios Sociales, UPO), adem\u00e1s de la moderaci\u00f3n de la profesora Amelia Almorza Hidalgo (\u00c1rea de Historia e Instituciones Econ\u00f3micas, UPO).<\/p>\n\n\n\n<p>La estructura de la sesi\u00f3n ser\u00e1 la siguiente:<\/p>\n\n\n\n<p><strong>16:00 | <\/strong>Bienvenida\/Welcome<\/p>\n\n\n\n<p><strong>Modera\/Chair: Amelia Almorza Hidalgo <em>(\u00c1rea de Historia e Instituciones Econ\u00f3micas, UPO)<\/em><\/strong><\/p>\n\n\n\n<p><strong>16:05 | Bethany Aram <\/strong><strong><em>(\u00c1rea de Historia Moderna, UPO)<\/em><\/strong><\/p>\n\n\n\n<p class=\"has-text-align-center\"><strong><\/strong> \u00abMujeres esclavizadas y el precio de la libertad en el cruce paname\u00f1o, 1519-1671\u00bb<\/p>\n\n\n\n<p class=\"has-text-align-center\">\u201cEnslaved Women and the Price of Freedom on the Panamanian crossing, 1519-1671\u201d<\/p>\n\n\n\n<p><strong>16:20 |Nuria Cordero Ramos <\/strong><strong><em>(\u00c1rea de Trabajo y Servicios Sociales, UPO)<\/em><\/strong><\/p>\n\n\n\n<p class=\"has-text-align-center\"><strong><\/strong> \u00abMujeres en situaci\u00f3n de Trata de Seres Humanos: desigualdades entrecruzadas\u00bb<\/p>\n\n\n\n<p class=\"has-text-align-center\">\u201cWomen in Situations of Human Trafficking: Intertwined Inequalities\u201d<\/p>\n\n\n\n<p><strong>16:50 | Discusi\u00f3n\/ Debate<\/strong><\/p>\n\n\n\n<p><strong>17:25 | Cierre\/Conclusion<\/strong><\/p>\n\n\n\n<p>Si desea asistir, puede hacerlo de manera presencial (Sala de Telepresencia, Edificio 6, UPO)  o de manera telem\u00e1tica a trav\u00e9s de Zoom introduciendo las siguientes credenciales:<\/p>\n\n\n\n<p class=\"has-text-align-center\"><a href=\"https:\/\/us06web.zoom.us\/j\/3551879965\">https:\/\/us06web.zoom.us\/j\/3551879965<\/a><\/p>\n\n\n\n<p class=\"has-text-align-center\"><strong>ID DE REUNI\u00d3N: 355 187 9965<\/strong><\/p>\n\n\n\n<p>Esta actividad cuenta con financiaci\u00f3n del Fondo Europeo de Desarrollo Regional (FEDER) (80%) y de la Consejer\u00eda de Econom\u00eda, Conocimiento, Empresas y Universidad, de la Junta de Andaluc\u00eda, en marco del programa operativo FEDER Andaluc\u00eda 2014-2020. Objetivo espec\u00edfico 1.2.3. \u00abFomento y generaci\u00f3n de conocimiento frontera y de conocimiento orientado a los retos de la sociedad, desarrollo de tecnolog\u00edas emergentes\u00bb) en marco del proyecto de investigaci\u00f3n FEDER-UPO-1380997,\u00a0 \u00abG\u00e9nero y etnia en el istmo de Panam\u00e1, 1500-1700, y en otros \u00e1mbitos.\u00bb<\/p>\n\n\n\n<p>Puede consultar <a href=\"https:\/\/www.upo.es\/investiga\/globalhistory\/wp-content\/uploads\/2022\/03\/Programa_Seminario-10-de-marzo-2022.pdf\">aqu\u00ed<\/a> el programa completo de la actividad.<\/p>\n\n\n\n<div class=\"wp-block-image\"><figure class=\"aligncenter size-large is-resized\"><a href=\"https:\/\/us06web.zoom.us\/j\/3551879965\"><img loading=\"lazy\" decoding=\"async\" src=\"https:\/\/www.upo.es\/investiga\/globalhistory\/wp-content\/uploads\/2022\/03\/Cartel_Seminario-10-de-marzo-2022-724x1024.png\" alt=\"\" class=\"wp-image-1664\" width=\"489\" height=\"691\" srcset=\"https:\/\/www.upo.es\/investiga\/globalhistory\/wp-content\/uploads\/2022\/03\/Cartel_Seminario-10-de-marzo-2022-724x1024.png 724w, https:\/\/www.upo.es\/investiga\/globalhistory\/wp-content\/uploads\/2022\/03\/Cartel_Seminario-10-de-marzo-2022-212x300.png 212w, https:\/\/www.upo.es\/investiga\/globalhistory\/wp-content\/uploads\/2022\/03\/Cartel_Seminario-10-de-marzo-2022-768x1086.png 768w, https:\/\/www.upo.es\/investiga\/globalhistory\/wp-content\/uploads\/2022\/03\/Cartel_Seminario-10-de-marzo-2022-1086x1536.png 1086w, https:\/\/www.upo.es\/investiga\/globalhistory\/wp-content\/uploads\/2022\/03\/Cartel_Seminario-10-de-marzo-2022-1448x2048.png 1448w, https:\/\/www.upo.es\/investiga\/globalhistory\/wp-content\/uploads\/2022\/03\/Cartel_Seminario-10-de-marzo-2022-8x12.png 8w, https:\/\/www.upo.es\/investiga\/globalhistory\/wp-content\/uploads\/2022\/03\/Cartel_Seminario-10-de-marzo-2022.png 1587w\" sizes=\"(max-width: 489px) 100vw, 489px\" \/><\/a><\/figure><\/div>\n\n\n\n<div class=\"wp-block-file\"><a href=\"https:\/\/www.upo.es\/investiga\/globalhistory\/wp-content\/uploads\/2022\/03\/Programa_Seminario-10-de-marzo-2022.pdf\">Programa_Seminario-10-de-marzo-2022<\/a><a href=\"https:\/\/www.upo.es\/investiga\/globalhistory\/wp-content\/uploads\/2022\/03\/Programa_Seminario-10-de-marzo-2022.pdf\" class=\"wp-block-file__button\" download>Descarga<\/a><\/div>\n","protected":false},"excerpt":{"rendered":"<p>El Seminario permanente \u00abLos mundos ib\u00e9ricos y la globalizaci\u00f3n temprana\u00bb retoma su actividad mensual el pr\u00f3ximo jueves d\u00eda 10 de marzo, con motivo del D\u00eda International de la Mujer, con una sesi\u00f3n promovida desde el Proyecto FEDER-UPO-1380997, \u00abG\u00e9nero y etnia en el istmo de Panam\u00e1, 1500-1700, y en otros \u00e1mbitos.\u00bb [&hellip;]<\/p>\n","protected":false},"author":1,"featured_media":1665,"comment_status":"open","ping_status":"open","sticky":false,"template":"","format":"standard","meta":{"footnotes":""},"categories":[1],"tags":[],"_links":{"self":[{"href":"https:\/\/www.upo.es\/investiga\/globalhistory\/wp-json\/wp\/v2\/posts\/1661"}],"collection":[{"href":"https:\/\/www.upo.es\/investiga\/globalhistory\/wp-json\/wp\/v2\/posts"}],"about":[{"href":"https:\/\/www.upo.es\/investiga\/globalhistory\/wp-json\/wp\/v2\/types\/post"}],"author":[{"embeddable":true,"href":"https:\/\/www.upo.es\/investiga\/globalhistory\/wp-json\/wp\/v2\/users\/1"}],"replies":[{"embeddable":true,"href":"https:\/\/www.upo.es\/investiga\/globalhistory\/wp-json\/wp\/v2\/comments?post=1661"}],"version-history":[{"count":2,"href":"https:\/\/www.upo.es\/investiga\/globalhistory\/wp-json\/wp\/v2\/posts\/1661\/revisions"}],"predecessor-version":[{"id":1666,"href":"https:\/\/www.upo.es\/investiga\/globalhistory\/wp-json\/wp\/v2\/posts\/1661\/revisions\/1666"}],"wp:featuredmedia":[{"embeddable":true,"href":"https:\/\/www.upo.es\/investiga\/globalhistory\/wp-json\/wp\/v2\/media\/1665"}],"wp:attachment":[{"href":"https:\/\/www.upo.es\/investiga\/globalhistory\/wp-json\/wp\/v2\/media?parent=1661"}],"wp:term":[{"taxonomy":"category","embeddable":true,"href":"https:\/\/www.upo.es\/investiga\/globalhistory\/wp-json\/wp\/v2\/categories?post=1661"},{"taxonomy":"post_tag","embeddable":true,"href":"https:\/\/www.upo.es\/investiga\/globalhistory\/wp-json\/wp\/v2\/tags?post=1661"}],"curies":[{"name":"wp","href":"https:\/\/api.w.org\/{rel}","templated":true}]}}