{"id":2401,"date":"2024-11-19T15:44:16","date_gmt":"2024-11-19T15:44:16","guid":{"rendered":"https:\/\/www.upo.es\/investiga\/globalhistory\/?p=2401"},"modified":"2024-11-19T15:47:35","modified_gmt":"2024-11-19T15:47:35","slug":"presentacion-del-libro-la-moda-espanola-en-la-epoca-de-velazquez-un-sastre-en-la-corte-de-felipe-iv-de-amanda-wunder","status":"publish","type":"post","link":"https:\/\/www.upo.es\/investiga\/globalhistory\/presentacion-del-libro-la-moda-espanola-en-la-epoca-de-velazquez-un-sastre-en-la-corte-de-felipe-iv-de-amanda-wunder\/","title":{"rendered":"Presentaci\u00f3n del libro \u00abLa moda espa\u00f1ola en la \u00e9poca de Vel\u00e1zquez. Un sastre en la corte de Felipe IV\u00bb de Amanda Wunder"},"content":{"rendered":"\n<p>El pr\u00f3ximo lunes 25 de noviembre, a las 19.00 horas, tendr\u00e1 lugar en el Sal\u00f3n de Actos de la Real Academia Sevillana de Buenas Letras, la presentaci\u00f3n del libro\u00a0<a href=\"https:\/\/edicioneselviso.com\/es\/inicio\/226-la-moda-espanola-en-la-epoca-de-velazquez-un-sastre-en-la-corte-de-felipe-iv.html\"><em>La moda espa\u00f1ola en la \u00e9poca de Vel\u00e1zquez. Un sastre en la corte de Felipe IV<\/em><\/a> (El Viso, 2023) de Amanda Wunder, tambi\u00e9n publicado en ingl\u00e9s con <a href=\"https:\/\/yalebooks.co.uk\/book\/9780300246544\/spanish-fashion-in-the-age-of-velazquez\/\">Yale University Press<\/a>.\u00a0 Intervendr\u00e1n la autora del libro, as\u00ed como los profesores de la UPO Fernando Quiles y Bethany Aram.\u00a0<\/p>\n\n\n\n<p>La actividad, realizada en colaboraci\u00f3n con el Departamento de Geograf\u00eda, Historia y Filosof\u00eda. podr\u00e1 seguirse tanto de manera presencial como online a trav\u00e9s del siguiente enlace:<\/p>\n\n\n\n<p><a href=\"https:\/\/us06web.zoom.us\/j\/81765521546\">https:\/\/us06web.zoom.us\/j\/81765521546<\/a><\/p>\n\n\n\n<p>El acto se retransmitir\u00e1 en directo, por lo que pedimos disculpas por posibles problemas t\u00e9cnicos.<\/p>\n\n\n\n<p>Para m\u00e1s informaci\u00f3n, puede consultar el programa de la actividad <a href=\"https:\/\/www.upo.es\/investiga\/globalhistory\/wp-content\/uploads\/2024\/11\/Amanda-Wunder_Casa-de-los-Pinelo.pdf\">aqu\u00ed<\/a>.<\/p>\n","protected":false},"excerpt":{"rendered":"<p>El pr\u00f3ximo lunes 25 de noviembre, a las 19.00 horas, tendr\u00e1 lugar en el Sal\u00f3n de Actos de la Real Academia Sevillana de Buenas Letras, la presentaci\u00f3n del libro\u00a0La moda espa\u00f1ola en la \u00e9poca de Vel\u00e1zquez. Un sastre en la corte de Felipe IV (El Viso, 2023) de Amanda Wunder, [&hellip;]<\/p>\n","protected":false},"author":1,"featured_media":2404,"comment_status":"open","ping_status":"open","sticky":false,"template":"","format":"standard","meta":{"footnotes":""},"categories":[594],"tags":[108],"_links":{"self":[{"href":"https:\/\/www.upo.es\/investiga\/globalhistory\/wp-json\/wp\/v2\/posts\/2401"}],"collection":[{"href":"https:\/\/www.upo.es\/investiga\/globalhistory\/wp-json\/wp\/v2\/posts"}],"about":[{"href":"https:\/\/www.upo.es\/investiga\/globalhistory\/wp-json\/wp\/v2\/types\/post"}],"author":[{"embeddable":true,"href":"https:\/\/www.upo.es\/investiga\/globalhistory\/wp-json\/wp\/v2\/users\/1"}],"replies":[{"embeddable":true,"href":"https:\/\/www.upo.es\/investiga\/globalhistory\/wp-json\/wp\/v2\/comments?post=2401"}],"version-history":[{"count":6,"href":"https:\/\/www.upo.es\/investiga\/globalhistory\/wp-json\/wp\/v2\/posts\/2401\/revisions"}],"predecessor-version":[{"id":2409,"href":"https:\/\/www.upo.es\/investiga\/globalhistory\/wp-json\/wp\/v2\/posts\/2401\/revisions\/2409"}],"wp:featuredmedia":[{"embeddable":true,"href":"https:\/\/www.upo.es\/investiga\/globalhistory\/wp-json\/wp\/v2\/media\/2404"}],"wp:attachment":[{"href":"https:\/\/www.upo.es\/investiga\/globalhistory\/wp-json\/wp\/v2\/media?parent=2401"}],"wp:term":[{"taxonomy":"category","embeddable":true,"href":"https:\/\/www.upo.es\/investiga\/globalhistory\/wp-json\/wp\/v2\/categories?post=2401"},{"taxonomy":"post_tag","embeddable":true,"href":"https:\/\/www.upo.es\/investiga\/globalhistory\/wp-json\/wp\/v2\/tags?post=2401"}],"curies":[{"name":"wp","href":"https:\/\/api.w.org\/{rel}","templated":true}]}}