{"id":2461,"date":"2025-04-21T11:08:01","date_gmt":"2025-04-21T11:08:01","guid":{"rendered":"https:\/\/www.upo.es\/investiga\/globalhistory\/?p=2461"},"modified":"2025-04-28T08:22:53","modified_gmt":"2025-04-28T08:22:53","slug":"nueva-edicion-del-seminario-permanente-los-mundos-ibericos-y-la-globalizacion-temprana-30-de-abril","status":"publish","type":"post","link":"https:\/\/www.upo.es\/investiga\/globalhistory\/nueva-edicion-del-seminario-permanente-los-mundos-ibericos-y-la-globalizacion-temprana-30-de-abril\/","title":{"rendered":"Nueva edici\u00f3n del Seminario Permanente \u00abLos mundos ib\u00e9ricos y la globalizaci\u00f3n temprana\u00bb 30 de abril"},"content":{"rendered":"\n<p>El pr\u00f3ximo mi\u00e9rcoles 30 de abril de 2025, a las 17:00 horas (CEST) contaremos con una nueva edici\u00f3n del Seminario Permanente \u00abLos mundos ib\u00e9ricos y la globalizaci\u00f3n temprana\u00bb con la presencia de la Prof. Mar\u00eda Laura Salinas (Universidad Nacional del Nordeste\/CONICET, Argentina)<em>, <\/em>con una ponencia titulada \u201cPoblaci\u00f3n ind\u00edgena en la gobernaci\u00f3n del R\u00edo de la Plata y Paraguay. Encomienda y otras formas serviles, siglo XVII\u201d, y de la Prof. Katherine Godfrey, (University of the Fraser Valley, British Columbia) que presentar\u00e1 \u201cMatrilineal Routes: Indigenous Kinship Networks, Gender, and Mobility in Early Modern Columbia\u201d.<\/p>\n\n\n\n<p>La sesi\u00f3n tambi\u00e9n contar\u00e1 con los comentarios del Prof. Jorge D\u00edaz Ceballos (IH-EEHA\/CSIC).<\/p>\n\n\n\n<p>La Prof. Bethany Aram (UPO) moderar\u00e1 la sesi\u00f3n que podr\u00e1 seguirse por la plataforma Zoom\u00a0a trav\u00e9s del siguiente enlace:<\/p>\n\n\n\n<figure class=\"wp-block-embed\"><div class=\"wp-block-embed__wrapper\">\nhttps:\/\/shorturl.at\/Dmkzg\n<\/div><\/figure>\n\n\n\n<p><\/p>\n\n\n\n<p>Para m\u00e1s informaci\u00f3n, puede consultar el programa\u00a0<a href=\"https:\/\/www.upo.es\/investiga\/globalhistory\/wp-content\/uploads\/2025\/04\/SP-30-IV-2025.pdf\">aqu\u00ed<\/a>.<\/p>\n","protected":false},"excerpt":{"rendered":"<p>El pr\u00f3ximo mi\u00e9rcoles 30 de abril de 2025, a las 17:00 horas (CEST) contaremos con una nueva edici\u00f3n del Seminario Permanente \u00abLos mundos ib\u00e9ricos y la globalizaci\u00f3n temprana\u00bb con la presencia de la Prof. Mar\u00eda Laura Salinas (Universidad Nacional del Nordeste\/CONICET, Argentina), con una ponencia titulada \u201cPoblaci\u00f3n ind\u00edgena en la [&hellip;]<\/p>\n","protected":false},"author":1,"featured_media":2472,"comment_status":"open","ping_status":"open","sticky":false,"template":"","format":"standard","meta":{"footnotes":""},"categories":[1],"tags":[],"_links":{"self":[{"href":"https:\/\/www.upo.es\/investiga\/globalhistory\/wp-json\/wp\/v2\/posts\/2461"}],"collection":[{"href":"https:\/\/www.upo.es\/investiga\/globalhistory\/wp-json\/wp\/v2\/posts"}],"about":[{"href":"https:\/\/www.upo.es\/investiga\/globalhistory\/wp-json\/wp\/v2\/types\/post"}],"author":[{"embeddable":true,"href":"https:\/\/www.upo.es\/investiga\/globalhistory\/wp-json\/wp\/v2\/users\/1"}],"replies":[{"embeddable":true,"href":"https:\/\/www.upo.es\/investiga\/globalhistory\/wp-json\/wp\/v2\/comments?post=2461"}],"version-history":[{"count":7,"href":"https:\/\/www.upo.es\/investiga\/globalhistory\/wp-json\/wp\/v2\/posts\/2461\/revisions"}],"predecessor-version":[{"id":2474,"href":"https:\/\/www.upo.es\/investiga\/globalhistory\/wp-json\/wp\/v2\/posts\/2461\/revisions\/2474"}],"wp:featuredmedia":[{"embeddable":true,"href":"https:\/\/www.upo.es\/investiga\/globalhistory\/wp-json\/wp\/v2\/media\/2472"}],"wp:attachment":[{"href":"https:\/\/www.upo.es\/investiga\/globalhistory\/wp-json\/wp\/v2\/media?parent=2461"}],"wp:term":[{"taxonomy":"category","embeddable":true,"href":"https:\/\/www.upo.es\/investiga\/globalhistory\/wp-json\/wp\/v2\/categories?post=2461"},{"taxonomy":"post_tag","embeddable":true,"href":"https:\/\/www.upo.es\/investiga\/globalhistory\/wp-json\/wp\/v2\/tags?post=2461"}],"curies":[{"name":"wp","href":"https:\/\/api.w.org\/{rel}","templated":true}]}}