{"id":2483,"date":"2025-09-23T15:04:20","date_gmt":"2025-09-23T15:04:20","guid":{"rendered":"https:\/\/www.upo.es\/investiga\/globalhistory\/?p=2483"},"modified":"2025-09-24T21:56:20","modified_gmt":"2025-09-24T21:56:20","slug":"sesion-especial-del-seminario-permanente-mundos-ibericos-y-globalizacion-temprana-en-homenaje-a-bartolome-yun-casalilla","status":"publish","type":"post","link":"https:\/\/www.upo.es\/investiga\/globalhistory\/sesion-especial-del-seminario-permanente-mundos-ibericos-y-globalizacion-temprana-en-homenaje-a-bartolome-yun-casalilla\/","title":{"rendered":"Sesi\u00f3n especial del seminario permanente \u00abMundos Ib\u00e9ricos y globalizaci\u00f3n temprana\u00bb en homenaje a Bartolom\u00e9 Yun Casalilla"},"content":{"rendered":"\n<p>El pr\u00f3ximo&nbsp;<strong>viernes 3 de octubre de 2025, a las 16:00 (CEST)<\/strong>, se celebrar\u00e1 una&nbsp;<strong>sesi\u00f3n muy especial<\/strong>&nbsp;del&nbsp;<em>Seminario Permanente Los Mundos Ib\u00e9ricos y la Globalizaci\u00f3n Temprana<\/em>, con motivo de la jubilaci\u00f3n del&nbsp;<strong>Prof. Bartolom\u00e9 Yun Casalilla<\/strong>&nbsp;(Universidad Pablo de Olavide).<\/p>\n\n\n\n<p>La sesi\u00f3n, que se desarrollar\u00e1 de manera dual en zoom y en la sede de la Universidad Pablo de Olavide en Carmona, reunir\u00e1 a colegas y colaboradores para reflexionar sobre su trayectoria y su legado en las humanidades digitales.<\/p>\n\n\n\n<h3 class=\"wp-block-heading\"><strong>Programa de la sesi\u00f3n:<\/strong><\/h3>\n\n\n\n<ul>\n<li><strong>Bartolom\u00e9 Yun Casalilla: \u00bfEl historiador que cambi\u00f3 su pluma por un algoritmo?<\/strong><em> Manuel D\u00edaz Ord\u00f3\u00f1ez<\/em>\u00a0(Universidad de Sevilla) y <em>Domingo Savio Rodr\u00edguez Baena<\/em>\u00a0(Universidad Pablo de Olavide)<\/li>\n\n\n\n<li><strong>Las Humanidades Digitales en Argentina: Los aportes de Bartolom\u00e9 Yun Casalilla<\/strong><em> Mar\u00eda Laura Salinas<\/em>&nbsp;y&nbsp;<em>F\u00e1tima Victoria Valenzuela<\/em>(CONICET \u2013 Universidad Nacional del Nordeste, Argentina)<\/li>\n<\/ul>\n\n\n\n<p><strong>Comentarista:<\/strong>&nbsp;Esther Cruces Blanco (Archivo General de Indias)<\/p>\n\n\n\n<p><strong>Presenta:<\/strong>&nbsp;Igor P\u00e9rez Tostado (Universidad Pablo de Olavide)<\/p>\n\n\n\n<p><strong>Acceso libre a trav\u00e9s de Zoom:<\/strong><\/p>\n\n\n\n<p><a href=\"https:\/\/shorturl.at\/l5HiE\">https:\/\/shorturl.at\/l5HiE<\/a><\/p>\n\n\n\n<p>Para m\u00e1s informaci\u00f3n, puede consultar el <a href=\"https:\/\/www.upo.es\/investiga\/globalhistory\/wp-content\/uploads\/2025\/09\/SP-3-X-2025.pdf\">programa en pdf<\/a>.<\/p>\n\n\n\n<p>Esta sesi\u00f3n se celebra en el marco de la <a href=\"https:\/\/www.upo.es\/investiga\/globalhistory\/fronteras-de-la-investigacion-bartolome-yun-casalilla-y-su-obra-1980-2025\/\">reuni\u00f3n cient\u00edfica internacional&nbsp;<strong>Fronteras de la investigaci\u00f3n. Bartolom\u00e9 Yun Casalilla y su obra, 1980\u20132025\u2026<\/strong><em> <\/em><\/a><\/p>\n\n\n\n<p>M\u00e1s informaci\u00f3n sobre las jornadas e inscripci\u00f3n en la direcci\u00f3n:<\/p>\n\n\n\n<p><strong>globalizacion-iberica@upo.es<\/strong><\/p>\n\n\n\n<p><\/p>\n","protected":false},"excerpt":{"rendered":"<p>El pr\u00f3ximo&nbsp;viernes 3 de octubre de 2025, a las 16:00 (CEST), se celebrar\u00e1 una&nbsp;sesi\u00f3n muy especial&nbsp;del&nbsp;Seminario Permanente Los Mundos Ib\u00e9ricos y la Globalizaci\u00f3n Temprana, con motivo de la jubilaci\u00f3n del&nbsp;Prof. Bartolom\u00e9 Yun Casalilla&nbsp;(Universidad Pablo de Olavide). La sesi\u00f3n, que se desarrollar\u00e1 de manera dual en zoom y en la sede [&hellip;]<\/p>\n","protected":false},"author":1,"featured_media":2485,"comment_status":"closed","ping_status":"open","sticky":false,"template":"","format":"standard","meta":{"footnotes":""},"categories":[615,1],"tags":[246,617,620,616,144,248,618,619],"_links":{"self":[{"href":"https:\/\/www.upo.es\/investiga\/globalhistory\/wp-json\/wp\/v2\/posts\/2483"}],"collection":[{"href":"https:\/\/www.upo.es\/investiga\/globalhistory\/wp-json\/wp\/v2\/posts"}],"about":[{"href":"https:\/\/www.upo.es\/investiga\/globalhistory\/wp-json\/wp\/v2\/types\/post"}],"author":[{"embeddable":true,"href":"https:\/\/www.upo.es\/investiga\/globalhistory\/wp-json\/wp\/v2\/users\/1"}],"replies":[{"embeddable":true,"href":"https:\/\/www.upo.es\/investiga\/globalhistory\/wp-json\/wp\/v2\/comments?post=2483"}],"version-history":[{"count":11,"href":"https:\/\/www.upo.es\/investiga\/globalhistory\/wp-json\/wp\/v2\/posts\/2483\/revisions"}],"predecessor-version":[{"id":2522,"href":"https:\/\/www.upo.es\/investiga\/globalhistory\/wp-json\/wp\/v2\/posts\/2483\/revisions\/2522"}],"wp:featuredmedia":[{"embeddable":true,"href":"https:\/\/www.upo.es\/investiga\/globalhistory\/wp-json\/wp\/v2\/media\/2485"}],"wp:attachment":[{"href":"https:\/\/www.upo.es\/investiga\/globalhistory\/wp-json\/wp\/v2\/media?parent=2483"}],"wp:term":[{"taxonomy":"category","embeddable":true,"href":"https:\/\/www.upo.es\/investiga\/globalhistory\/wp-json\/wp\/v2\/categories?post=2483"},{"taxonomy":"post_tag","embeddable":true,"href":"https:\/\/www.upo.es\/investiga\/globalhistory\/wp-json\/wp\/v2\/tags?post=2483"}],"curies":[{"name":"wp","href":"https:\/\/api.w.org\/{rel}","templated":true}]}}