{"id":476,"date":"2018-05-14T11:01:11","date_gmt":"2018-05-14T11:01:11","guid":{"rendered":"https:\/\/www.upo.es\/investiga\/globalhistory\/?p=476"},"modified":"2018-07-03T11:43:11","modified_gmt":"2018-07-03T11:43:11","slug":"18-05-2018-presentacion-del-libro-pensar-en-el-poder-obra-de-bartolome-yun-y-jorge-luengo","status":"publish","type":"post","link":"https:\/\/www.upo.es\/investiga\/globalhistory\/18-05-2018-presentacion-del-libro-pensar-en-el-poder-obra-de-bartolome-yun-y-jorge-luengo\/","title":{"rendered":"18\/05\/2018 Publicaci\u00f3n del libro \u00abPensar en el poder\u00bb, obra de Bartolom\u00e9 Yun y Jorge Luengo"},"content":{"rendered":"<p>El pasado 18 de mayo, tuvo lugar la presentaci\u00f3n del libro en homenaje a Pedro Carasa, escrito por Bartolom\u00e9 Yun y Jorge Luego y titulado <em>Pensar en el poder. Liber amicorum de Pedro Carasa<\/em>. El evento se celebr\u00f3 en el Aula Triste del Palacio de Santa Cruz de la Universidad de Valladolid (Plaza de Santa Cruz s\/n) y cont\u00f3 con las intervenciones de Carlos Fern\u00e1ndez Agano, Bartolom\u00e9 Yun, Jorge Luengo, \u00c1ngel Bahamonde, Juan Sisino P\u00e9rez Garz\u00f3n, Maite S\u00e1nchez Barahona y Pedro Carasa. A continuaci\u00f3n, se adjunta el cartel y el programa de la actividad.<\/p>\n<p><img loading=\"lazy\" decoding=\"async\" class=\"alignnone size-medium wp-image-477 aligncenter\" src=\"https:\/\/www.upo.es\/investiga\/globalhistory\/wp-content\/uploads\/2018\/05\/presentacion_Valladolid_pdf-001-300x225.jpg\" alt=\"\" width=\"300\" height=\"225\" srcset=\"https:\/\/www.upo.es\/investiga\/globalhistory\/wp-content\/uploads\/2018\/05\/presentacion_Valladolid_pdf-001-300x225.jpg 300w, https:\/\/www.upo.es\/investiga\/globalhistory\/wp-content\/uploads\/2018\/05\/presentacion_Valladolid_pdf-001-768x576.jpg 768w, https:\/\/www.upo.es\/investiga\/globalhistory\/wp-content\/uploads\/2018\/05\/presentacion_Valladolid_pdf-001-1024x768.jpg 1024w, https:\/\/www.upo.es\/investiga\/globalhistory\/wp-content\/uploads\/2018\/05\/presentacion_Valladolid_pdf-001.jpg 1440w\" sizes=\"(max-width: 300px) 100vw, 300px\" \/><\/p>\n","protected":false},"excerpt":{"rendered":"<p>El pasado 18 de mayo, tuvo lugar la presentaci\u00f3n del libro en homenaje a Pedro Carasa, escrito por Bartolom\u00e9 Yun y Jorge Luego y titulado Pensar en el poder. Liber amicorum de Pedro Carasa. El evento se celebr\u00f3 en el Aula Triste del Palacio de Santa Cruz de la Universidad [&hellip;]<\/p>\n","protected":false},"author":1,"featured_media":0,"comment_status":"open","ping_status":"open","sticky":false,"template":"","format":"standard","meta":{"footnotes":""},"categories":[60],"tags":[96,93,94,92,91,95,97,73],"_links":{"self":[{"href":"https:\/\/www.upo.es\/investiga\/globalhistory\/wp-json\/wp\/v2\/posts\/476"}],"collection":[{"href":"https:\/\/www.upo.es\/investiga\/globalhistory\/wp-json\/wp\/v2\/posts"}],"about":[{"href":"https:\/\/www.upo.es\/investiga\/globalhistory\/wp-json\/wp\/v2\/types\/post"}],"author":[{"embeddable":true,"href":"https:\/\/www.upo.es\/investiga\/globalhistory\/wp-json\/wp\/v2\/users\/1"}],"replies":[{"embeddable":true,"href":"https:\/\/www.upo.es\/investiga\/globalhistory\/wp-json\/wp\/v2\/comments?post=476"}],"version-history":[{"count":3,"href":"https:\/\/www.upo.es\/investiga\/globalhistory\/wp-json\/wp\/v2\/posts\/476\/revisions"}],"predecessor-version":[{"id":546,"href":"https:\/\/www.upo.es\/investiga\/globalhistory\/wp-json\/wp\/v2\/posts\/476\/revisions\/546"}],"wp:attachment":[{"href":"https:\/\/www.upo.es\/investiga\/globalhistory\/wp-json\/wp\/v2\/media?parent=476"}],"wp:term":[{"taxonomy":"category","embeddable":true,"href":"https:\/\/www.upo.es\/investiga\/globalhistory\/wp-json\/wp\/v2\/categories?post=476"},{"taxonomy":"post_tag","embeddable":true,"href":"https:\/\/www.upo.es\/investiga\/globalhistory\/wp-json\/wp\/v2\/tags?post=476"}],"curies":[{"name":"wp","href":"https:\/\/api.w.org\/{rel}","templated":true}]}}