{"id":657,"date":"2018-12-14T07:57:26","date_gmt":"2018-12-14T07:57:26","guid":{"rendered":"https:\/\/www.upo.es\/investiga\/globalhistory\/?p=657"},"modified":"2018-12-14T09:22:59","modified_gmt":"2018-12-14T09:22:59","slug":"17-12-2018-seminario-permanente-sobre-historia-de-la-globalizacion","status":"publish","type":"post","link":"https:\/\/www.upo.es\/investiga\/globalhistory\/17-12-2018-seminario-permanente-sobre-historia-de-la-globalizacion\/","title":{"rendered":"17\/12\/2018 Seminario permanente sobre Historia de la Globalizaci\u00f3n"},"content":{"rendered":"\n<p>El pr\u00f3ximo lunes 17 de diciembre tendr\u00e1 lugar en la sala de grados de la Sede Centro de la Universidad Pablo de Olavide (C\/Lara\u00f1a, 4) un Seminario permanente sobre Historia de la Globalizaci\u00f3n organizado por el Proyecto HAR2014-53797-P \u00abGlobalizaci\u00f3n Ib\u00e9rica: redes entre Asia y Europa y los cambios en las pautas de consumo en Latinoam\u00e9rica\u00bb y por el Grupo PAIDI HUM-1000<br>\u00abHistoria de la Globalizaci\u00f3n: violencia, negociaci\u00f3n e interculturalidad\u00bb.\u00a0<\/p>\n\n\n\n<div class=\"wp-block-image\"><figure class=\"aligncenter\"><img loading=\"lazy\" decoding=\"async\" width=\"724\" height=\"1024\" src=\"https:\/\/www.upo.es\/investiga\/globalhistory\/wp-content\/uploads\/2018\/12\/Seminario-permanente-sobre-Historia-de-la-Globalizaci\u00f3n-724x1024.jpg\" alt=\"\" class=\"wp-image-665\" srcset=\"https:\/\/www.upo.es\/investiga\/globalhistory\/wp-content\/uploads\/2018\/12\/Seminario-permanente-sobre-Historia-de-la-Globalizaci\u00f3n-724x1024.jpg 724w, https:\/\/www.upo.es\/investiga\/globalhistory\/wp-content\/uploads\/2018\/12\/Seminario-permanente-sobre-Historia-de-la-Globalizaci\u00f3n-212x300.jpg 212w, https:\/\/www.upo.es\/investiga\/globalhistory\/wp-content\/uploads\/2018\/12\/Seminario-permanente-sobre-Historia-de-la-Globalizaci\u00f3n-768x1086.jpg 768w, https:\/\/www.upo.es\/investiga\/globalhistory\/wp-content\/uploads\/2018\/12\/Seminario-permanente-sobre-Historia-de-la-Globalizaci\u00f3n.jpg 1587w\" sizes=\"(max-width: 724px) 100vw, 724px\" \/><\/figure><\/div>\n","protected":false},"excerpt":{"rendered":"<p>El pr\u00f3ximo lunes 17 de diciembre tendr\u00e1 lugar en la sala de grados de la Sede Centro de la Universidad Pablo de Olavide (C\/Lara\u00f1a, 4) un Seminario permanente sobre Historia de la Globalizaci\u00f3n organizado por el Proyecto HAR2014-53797-P \u00abGlobalizaci\u00f3n Ib\u00e9rica: redes entre Asia y Europa y los cambios en las [&hellip;]<\/p>\n","protected":false},"author":1,"featured_media":0,"comment_status":"open","ping_status":"open","sticky":false,"template":"","format":"standard","meta":{"footnotes":""},"categories":[74],"tags":[183,182,181,173,75,172],"_links":{"self":[{"href":"https:\/\/www.upo.es\/investiga\/globalhistory\/wp-json\/wp\/v2\/posts\/657"}],"collection":[{"href":"https:\/\/www.upo.es\/investiga\/globalhistory\/wp-json\/wp\/v2\/posts"}],"about":[{"href":"https:\/\/www.upo.es\/investiga\/globalhistory\/wp-json\/wp\/v2\/types\/post"}],"author":[{"embeddable":true,"href":"https:\/\/www.upo.es\/investiga\/globalhistory\/wp-json\/wp\/v2\/users\/1"}],"replies":[{"embeddable":true,"href":"https:\/\/www.upo.es\/investiga\/globalhistory\/wp-json\/wp\/v2\/comments?post=657"}],"version-history":[{"count":5,"href":"https:\/\/www.upo.es\/investiga\/globalhistory\/wp-json\/wp\/v2\/posts\/657\/revisions"}],"predecessor-version":[{"id":671,"href":"https:\/\/www.upo.es\/investiga\/globalhistory\/wp-json\/wp\/v2\/posts\/657\/revisions\/671"}],"wp:attachment":[{"href":"https:\/\/www.upo.es\/investiga\/globalhistory\/wp-json\/wp\/v2\/media?parent=657"}],"wp:term":[{"taxonomy":"category","embeddable":true,"href":"https:\/\/www.upo.es\/investiga\/globalhistory\/wp-json\/wp\/v2\/categories?post=657"},{"taxonomy":"post_tag","embeddable":true,"href":"https:\/\/www.upo.es\/investiga\/globalhistory\/wp-json\/wp\/v2\/tags?post=657"}],"curies":[{"name":"wp","href":"https:\/\/api.w.org\/{rel}","templated":true}]}}