{"id":939,"date":"2020-07-19T10:25:25","date_gmt":"2020-07-19T10:25:25","guid":{"rendered":"https:\/\/www.upo.es\/investiga\/globalhistory\/?p=939"},"modified":"2020-07-19T10:57:30","modified_gmt":"2020-07-19T10:57:30","slug":"entrevista-a-bartolome-yun-casalilla-de-imperios-globalizaciones-y-el-oficio-del-historiador","status":"publish","type":"post","link":"https:\/\/www.upo.es\/investiga\/globalhistory\/entrevista-a-bartolome-yun-casalilla-de-imperios-globalizaciones-y-el-oficio-del-historiador\/","title":{"rendered":"Entrevista a Bartolom\u00e9 Yun Casalilla: \u201cDe imperios, globalizaciones y el oficio del historiador\u201d"},"content":{"rendered":"\n<p>Sebasti\u00e1n Hern\u00e1ndez M\u00e9ndez (Universidad de los Andes, Chile) entrevista a Bartolom\u00e9 Yun Casalilla a prop\u00f3sito de su libro <em>Iberian World Empires and the Globalization of Europe<\/em> (Palgrave MacMillan, 2019).<\/p>\n\n\n\n<figure class=\"wp-block-image size-large\"><img loading=\"lazy\" decoding=\"async\" width=\"898\" height=\"1024\" src=\"https:\/\/www.upo.es\/investiga\/globalhistory\/wp-content\/uploads\/2020\/07\/Captura-de-pantalla-2020-07-19-a-las-12.15.08-898x1024.png\" alt=\"\" class=\"wp-image-940\" srcset=\"https:\/\/www.upo.es\/investiga\/globalhistory\/wp-content\/uploads\/2020\/07\/Captura-de-pantalla-2020-07-19-a-las-12.15.08-898x1024.png 898w, https:\/\/www.upo.es\/investiga\/globalhistory\/wp-content\/uploads\/2020\/07\/Captura-de-pantalla-2020-07-19-a-las-12.15.08-263x300.png 263w, https:\/\/www.upo.es\/investiga\/globalhistory\/wp-content\/uploads\/2020\/07\/Captura-de-pantalla-2020-07-19-a-las-12.15.08-768x876.png 768w, https:\/\/www.upo.es\/investiga\/globalhistory\/wp-content\/uploads\/2020\/07\/Captura-de-pantalla-2020-07-19-a-las-12.15.08.png 1028w\" sizes=\"(max-width: 898px) 100vw, 898px\" \/><\/figure>\n\n\n\n<p>El texto ha sido publicado en la revista <em>Humanidades: revista de la Universidad de Montevideo<\/em>, n\u00ba 7 (2020): 253-265 y se puede consultar en el siguiente enlace: <a href=\"https:\/\/doi.org\/10.25185\/7.10\">https:\/\/doi.org\/10.25185\/7.10<\/a><\/p>\n","protected":false},"excerpt":{"rendered":"<p>Sebasti\u00e1n Hern\u00e1ndez M\u00e9ndez (Universidad de los Andes, Chile) entrevista a Bartolom\u00e9 Yun Casalilla a prop\u00f3sito de su libro Iberian World Empires and the Globalization of Europe (Palgrave MacMillan, 2019). El texto ha sido publicado en la revista Humanidades: revista de la Universidad de Montevideo, n\u00ba 7 (2020): 253-265 y se [&hellip;]<\/p>\n","protected":false},"author":1,"featured_media":940,"comment_status":"open","ping_status":"open","sticky":false,"template":"","format":"standard","meta":{"footnotes":""},"categories":[1],"tags":[],"_links":{"self":[{"href":"https:\/\/www.upo.es\/investiga\/globalhistory\/wp-json\/wp\/v2\/posts\/939"}],"collection":[{"href":"https:\/\/www.upo.es\/investiga\/globalhistory\/wp-json\/wp\/v2\/posts"}],"about":[{"href":"https:\/\/www.upo.es\/investiga\/globalhistory\/wp-json\/wp\/v2\/types\/post"}],"author":[{"embeddable":true,"href":"https:\/\/www.upo.es\/investiga\/globalhistory\/wp-json\/wp\/v2\/users\/1"}],"replies":[{"embeddable":true,"href":"https:\/\/www.upo.es\/investiga\/globalhistory\/wp-json\/wp\/v2\/comments?post=939"}],"version-history":[{"count":1,"href":"https:\/\/www.upo.es\/investiga\/globalhistory\/wp-json\/wp\/v2\/posts\/939\/revisions"}],"predecessor-version":[{"id":941,"href":"https:\/\/www.upo.es\/investiga\/globalhistory\/wp-json\/wp\/v2\/posts\/939\/revisions\/941"}],"wp:featuredmedia":[{"embeddable":true,"href":"https:\/\/www.upo.es\/investiga\/globalhistory\/wp-json\/wp\/v2\/media\/940"}],"wp:attachment":[{"href":"https:\/\/www.upo.es\/investiga\/globalhistory\/wp-json\/wp\/v2\/media?parent=939"}],"wp:term":[{"taxonomy":"category","embeddable":true,"href":"https:\/\/www.upo.es\/investiga\/globalhistory\/wp-json\/wp\/v2\/categories?post=939"},{"taxonomy":"post_tag","embeddable":true,"href":"https:\/\/www.upo.es\/investiga\/globalhistory\/wp-json\/wp\/v2\/tags?post=939"}],"curies":[{"name":"wp","href":"https:\/\/api.w.org\/{rel}","templated":true}]}}