{"id":949,"date":"2020-09-17T13:57:31","date_gmt":"2020-09-17T13:57:31","guid":{"rendered":"https:\/\/www.upo.es\/investiga\/globalhistory\/?p=949"},"modified":"2020-09-21T07:41:44","modified_gmt":"2020-09-21T07:41:44","slug":"congreso-virtual-cross-cultural-violence-and-its-restraint-in-the-early-modern-world","status":"publish","type":"post","link":"https:\/\/www.upo.es\/investiga\/globalhistory\/congreso-virtual-cross-cultural-violence-and-its-restraint-in-the-early-modern-world\/","title":{"rendered":"Congreso virtual \u00abCross Cultural Violence and its Restraint in the Early Modern World\u00bb"},"content":{"rendered":"\n<p><strong>Seminario online: 24 y 25 de septiembre de 2020<\/strong><\/p>\n\n\n\n<p>Despu\u00e9s del retraso causado por el COVID-19, el IV seminario internacional violencia colectiva y genocidio <strong>\u00abCross-cultural violence and its restraint in the Early Modern-world\u00bb<\/strong> se desarrollar\u00e1 los pr\u00f3ximos 24 y 25 de septiembre de 2020. El seminario est\u00e1 organizado por Bartolom\u00e9 Yun Casalilla, Jos\u00e9 Miguel Escribano e Igor P\u00e9rez Tostado. Este acto a\u00fana los esfuerzos realizados en el marco del proyecto H2020 MSC-IF 2016 GA 748592 \u00abOn the Frontiers of Peace: Cross-Cultural Peacebuilding on the Frontiers of the Iberian Empires (1500-1580)\u00bb, del grupo PAIDI HUM-1000 \u00abHistoria de la Globalizaci\u00f3n: violencia, negociaci\u00f3n e interculturalidad\u00bb y del proyecto de investigaci\u00f3n \u00abEn los l\u00edmites de la violencia (II): la larga sombra de las masacres modernas en contexto global\u00bb. El seminario forma parte de la red columnaria, dentro de las actividades organizadas por el nodo Masacre y frontera.<\/p>\n\n\n\n<p>Participan en el seminario Bartolom\u00e9 Yun Casalilla (UPO), Mark Mewese (University of Winnipeg), Jorge D\u00edaz Ceballos (UPO), Miguel G. Rodrigues (European University Institute), Guido Van Meersbergen (University of Warwick), Brian Sandberg (Northern Illinois University), Miguel \u00c1ngel de Bunes Ibarra (Consejo Superior de Investigaciones Cient\u00edficas), Jos\u00e9 Miguel Escribano (UPO) e Igor P\u00e9rez Tostado (UPO).<\/p>\n\n\n\n<p>El <strong>programa completo<\/strong> con todos los participantes y el t\u00edtulo de sus contribuciones est\u00e1 disponible <a href=\"https:\/\/www.upo.es\/investiga\/globalhistory\/wp-content\/uploads\/2020\/09\/Program-Cross-Cultural-Violence-and-Its-Restraint-in-the-Early-Modern-World.pdf\" target=\"_blank\" rel=\"noreferrer noopener\">aqu\u00ed<\/a>. <\/p>\n\n\n\n<div class=\"wp-block-file\"><a href=\"https:\/\/www.upo.es\/investiga\/globalhistory\/wp-content\/uploads\/2020\/09\/Program-Cross-Cultural-Violence-and-Its-Restraint-in-the-Early-Modern-World.pdf\">Program-Cross-Cultural-Violence-and-Its-Restraint-in-the-Early-Modern-World<\/a><a href=\"https:\/\/www.upo.es\/investiga\/globalhistory\/wp-content\/uploads\/2020\/09\/Program-Cross-Cultural-Violence-and-Its-Restraint-in-the-Early-Modern-World.pdf\" class=\"wp-block-file__button\" download>Descarga<\/a><\/div>\n\n\n\n<p>El seminario ser\u00e1<strong> online y  abierto <\/strong>a todo el p\u00fablico interesado a trav\u00e9s del <a rel=\"noreferrer noopener\" href=\"https:\/\/eu.bbcollab.com\/guest\/c51957a6cbc64f1db4c22cbc41a42834\" target=\"_blank\">este enlace<\/a>.<\/p>\n\n\n\n<p><\/p>\n","protected":false},"excerpt":{"rendered":"<p>Seminario online: 24 y 25 de septiembre de 2020 Despu\u00e9s del retraso causado por el COVID-19, el IV seminario internacional violencia colectiva y genocidio \u00abCross-cultural violence and its restraint in the Early Modern-world\u00bb se desarrollar\u00e1 los pr\u00f3ximos 24 y 25 de septiembre de 2020. El seminario est\u00e1 organizado por Bartolom\u00e9 [&hellip;]<\/p>\n","protected":false},"author":1,"featured_media":952,"comment_status":"open","ping_status":"open","sticky":false,"template":"","format":"standard","meta":{"footnotes":""},"categories":[1],"tags":[],"_links":{"self":[{"href":"https:\/\/www.upo.es\/investiga\/globalhistory\/wp-json\/wp\/v2\/posts\/949"}],"collection":[{"href":"https:\/\/www.upo.es\/investiga\/globalhistory\/wp-json\/wp\/v2\/posts"}],"about":[{"href":"https:\/\/www.upo.es\/investiga\/globalhistory\/wp-json\/wp\/v2\/types\/post"}],"author":[{"embeddable":true,"href":"https:\/\/www.upo.es\/investiga\/globalhistory\/wp-json\/wp\/v2\/users\/1"}],"replies":[{"embeddable":true,"href":"https:\/\/www.upo.es\/investiga\/globalhistory\/wp-json\/wp\/v2\/comments?post=949"}],"version-history":[{"count":7,"href":"https:\/\/www.upo.es\/investiga\/globalhistory\/wp-json\/wp\/v2\/posts\/949\/revisions"}],"predecessor-version":[{"id":959,"href":"https:\/\/www.upo.es\/investiga\/globalhistory\/wp-json\/wp\/v2\/posts\/949\/revisions\/959"}],"wp:featuredmedia":[{"embeddable":true,"href":"https:\/\/www.upo.es\/investiga\/globalhistory\/wp-json\/wp\/v2\/media\/952"}],"wp:attachment":[{"href":"https:\/\/www.upo.es\/investiga\/globalhistory\/wp-json\/wp\/v2\/media?parent=949"}],"wp:term":[{"taxonomy":"category","embeddable":true,"href":"https:\/\/www.upo.es\/investiga\/globalhistory\/wp-json\/wp\/v2\/categories?post=949"},{"taxonomy":"post_tag","embeddable":true,"href":"https:\/\/www.upo.es\/investiga\/globalhistory\/wp-json\/wp\/v2\/tags?post=949"}],"curies":[{"name":"wp","href":"https:\/\/api.w.org\/{rel}","templated":true}]}}