{"id":964,"date":"2020-10-06T14:22:52","date_gmt":"2020-10-06T14:22:52","guid":{"rendered":"https:\/\/www.upo.es\/investiga\/globalhistory\/?p=964"},"modified":"2020-11-05T12:39:17","modified_gmt":"2020-11-05T12:39:17","slug":"manuel-perez-garcia-entrevistado-en-la-manana-de-rtve","status":"publish","type":"post","link":"https:\/\/www.upo.es\/investiga\/globalhistory\/manuel-perez-garcia-entrevistado-en-la-manana-de-rtve\/","title":{"rendered":"Manuel P\u00e9rez Garc\u00eda, entrevistado en La Ma\u00f1ana de RTVE"},"content":{"rendered":"\n<p><\/p>\n\n\n\n<figure class=\"wp-block-image size-large\"><a href=\"https:\/\/www.rtve.es\/m\/alacarta\/videos\/la-manana\/manana-31-07-20\/5636398\/?media=tve\"><img loading=\"lazy\" decoding=\"async\" width=\"1024\" height=\"551\" src=\"https:\/\/www.upo.es\/investiga\/globalhistory\/wp-content\/uploads\/2020\/10\/Captura-de-pantalla-2020-10-06-a-las-16.20.54-1024x551.png\" alt=\"\" class=\"wp-image-965\" srcset=\"https:\/\/www.upo.es\/investiga\/globalhistory\/wp-content\/uploads\/2020\/10\/Captura-de-pantalla-2020-10-06-a-las-16.20.54-1024x551.png 1024w, https:\/\/www.upo.es\/investiga\/globalhistory\/wp-content\/uploads\/2020\/10\/Captura-de-pantalla-2020-10-06-a-las-16.20.54-300x161.png 300w, https:\/\/www.upo.es\/investiga\/globalhistory\/wp-content\/uploads\/2020\/10\/Captura-de-pantalla-2020-10-06-a-las-16.20.54-768x413.png 768w, https:\/\/www.upo.es\/investiga\/globalhistory\/wp-content\/uploads\/2020\/10\/Captura-de-pantalla-2020-10-06-a-las-16.20.54-1536x826.png 1536w, https:\/\/www.upo.es\/investiga\/globalhistory\/wp-content\/uploads\/2020\/10\/Captura-de-pantalla-2020-10-06-a-las-16.20.54-2048x1102.png 2048w\" sizes=\"(max-width: 1024px) 100vw, 1024px\" \/><\/a><\/figure>\n\n\n\n<p>Manuel P\u00e9rez Garc\u00eda, miembro del grupo PAI HUM 1000 \u00abHistoria de la Globalizaci\u00f3n\u00bb cuenta en el programa de televisi\u00f3n La Ma\u00f1ana de RTVE su experiencia de cuarentena a su regreso a China (minuto 1:45:50), donde desarrolla parte de su actividad docente e investigadora en la Universidad Jiao Tong de Shanghai. <\/p>\n","protected":false},"excerpt":{"rendered":"<p>Manuel P\u00e9rez Garc\u00eda, miembro del grupo PAI HUM 1000 \u00abHistoria de la Globalizaci\u00f3n\u00bb cuenta en el programa de televisi\u00f3n La Ma\u00f1ana de RTVE su experiencia de cuarentena a su regreso a China (minuto 1:45:50), donde desarrolla parte de su actividad docente e investigadora en la Universidad Jiao Tong de Shanghai.<\/p>\n","protected":false},"author":1,"featured_media":965,"comment_status":"open","ping_status":"open","sticky":false,"template":"","format":"standard","meta":{"footnotes":""},"categories":[254],"tags":[],"_links":{"self":[{"href":"https:\/\/www.upo.es\/investiga\/globalhistory\/wp-json\/wp\/v2\/posts\/964"}],"collection":[{"href":"https:\/\/www.upo.es\/investiga\/globalhistory\/wp-json\/wp\/v2\/posts"}],"about":[{"href":"https:\/\/www.upo.es\/investiga\/globalhistory\/wp-json\/wp\/v2\/types\/post"}],"author":[{"embeddable":true,"href":"https:\/\/www.upo.es\/investiga\/globalhistory\/wp-json\/wp\/v2\/users\/1"}],"replies":[{"embeddable":true,"href":"https:\/\/www.upo.es\/investiga\/globalhistory\/wp-json\/wp\/v2\/comments?post=964"}],"version-history":[{"count":2,"href":"https:\/\/www.upo.es\/investiga\/globalhistory\/wp-json\/wp\/v2\/posts\/964\/revisions"}],"predecessor-version":[{"id":1013,"href":"https:\/\/www.upo.es\/investiga\/globalhistory\/wp-json\/wp\/v2\/posts\/964\/revisions\/1013"}],"wp:featuredmedia":[{"embeddable":true,"href":"https:\/\/www.upo.es\/investiga\/globalhistory\/wp-json\/wp\/v2\/media\/965"}],"wp:attachment":[{"href":"https:\/\/www.upo.es\/investiga\/globalhistory\/wp-json\/wp\/v2\/media?parent=964"}],"wp:term":[{"taxonomy":"category","embeddable":true,"href":"https:\/\/www.upo.es\/investiga\/globalhistory\/wp-json\/wp\/v2\/categories?post=964"},{"taxonomy":"post_tag","embeddable":true,"href":"https:\/\/www.upo.es\/investiga\/globalhistory\/wp-json\/wp\/v2\/tags?post=964"}],"curies":[{"name":"wp","href":"https:\/\/api.w.org\/{rel}","templated":true}]}}