{"id":3332,"date":"2026-03-11T17:28:55","date_gmt":"2026-03-11T16:28:55","guid":{"rendered":"https:\/\/www.upo.es\/investiga\/interglosia\/campus-africa-2025\/"},"modified":"2026-03-11T17:41:17","modified_gmt":"2026-03-11T16:41:17","slug":"campus-africa-2025","status":"publish","type":"post","link":"https:\/\/www.upo.es\/investiga\/interglosia\/en\/campus-africa-2025\/","title":{"rendered":"Campus \u00c1frica 2025"},"content":{"rendered":"\n<p>Descripci\u00f3n: Mariana Relinque y Francisco Vigier, miembros del grupo Interglosia y de la <a href=\"https:\/\/auneti.es\/comision-proteccion-internacional-2\/\">comisi\u00f3n de trabajo sobre protecci\u00f3n internacional de la AUnETI<\/a>, han participado en el encuentro de investigadores titulado \u201cDesaf\u00edos y capacitaci\u00f3n de la interpretaci\u00f3n en contextos humanitarios de inmigraci\u00f3n en Canarias\u201d del <a href=\"https:\/\/campusafrica.org\/es\/\">Campus \u00c1frica 2025<\/a>, celebrado en la Universidad de La Laguna el 16 de julio de 2025 en la Facultad de Humanidades (Edificio de Filolog\u00eda) del Campus de Guajara. <\/p>\n\n<p>Ubicaci\u00f3n: La Laguna (Santa Cruz de Tenerife)<\/p>\n\n<p>Fecha: 16 de julio de 2025<\/p>\n\n<figure class=\"wp-block-image size-large\"><img loading=\"lazy\" decoding=\"async\" width=\"1024\" height=\"144\" src=\"https:\/\/www.upo.es\/investiga\/interglosia\/wp-content\/uploads\/2026\/03\/banner-cabecera-ES-2025-1-1024x144.png\" alt=\"\" class=\"wp-image-3317\" srcset=\"https:\/\/www.upo.es\/investiga\/interglosia\/wp-content\/uploads\/2026\/03\/banner-cabecera-ES-2025-1-1024x144.png 1024w, https:\/\/www.upo.es\/investiga\/interglosia\/wp-content\/uploads\/2026\/03\/banner-cabecera-ES-2025-1-300x42.png 300w, https:\/\/www.upo.es\/investiga\/interglosia\/wp-content\/uploads\/2026\/03\/banner-cabecera-ES-2025-1-768x108.png 768w, https:\/\/www.upo.es\/investiga\/interglosia\/wp-content\/uploads\/2026\/03\/banner-cabecera-ES-2025-1.png 1140w\" sizes=\"auto, (max-width: 1024px) 100vw, 1024px\" \/><\/figure>\n<p><\/p>\n","protected":false},"excerpt":{"rendered":"<p>Descripci\u00f3n: Mariana Relinque y Francisco Vigier, miembros del grupo Interglosia y de la comisi\u00f3n de trabajo sobre protecci\u00f3n internacional de la AUnETI, han participado en el encuentro de investigadores titulado \u201cDesaf\u00edos y capacitaci\u00f3n de la interpretaci\u00f3n en contextos humanitarios de inmigraci\u00f3n en Canarias\u201d del Campus \u00c1frica 2025, celebrado en la Universidad de La Laguna el &#8230; <a title=\"Campus \u00c1frica 2025\" class=\"read-more\" href=\"https:\/\/www.upo.es\/investiga\/interglosia\/en\/campus-africa-2025\/\" aria-label=\"Read more about Campus \u00c1frica 2025\">Read more<\/a><\/p>\n","protected":false},"author":4,"featured_media":3331,"comment_status":"closed","ping_status":"closed","sticky":false,"template":"","format":"image","meta":{"footnotes":""},"categories":[1],"tags":[],"class_list":["post-3332","post","type-post","status-publish","format-image","has-post-thumbnail","hentry","category-interglosia","post_format-post-format-image","infinite-scroll-item","generate-columns","tablet-grid-50","mobile-grid-100","grid-parent","grid-50"],"_links":{"self":[{"href":"https:\/\/www.upo.es\/investiga\/interglosia\/en\/wp-json\/wp\/v2\/posts\/3332","targetHints":{"allow":["GET"]}}],"collection":[{"href":"https:\/\/www.upo.es\/investiga\/interglosia\/en\/wp-json\/wp\/v2\/posts"}],"about":[{"href":"https:\/\/www.upo.es\/investiga\/interglosia\/en\/wp-json\/wp\/v2\/types\/post"}],"author":[{"embeddable":true,"href":"https:\/\/www.upo.es\/investiga\/interglosia\/en\/wp-json\/wp\/v2\/users\/4"}],"replies":[{"embeddable":true,"href":"https:\/\/www.upo.es\/investiga\/interglosia\/en\/wp-json\/wp\/v2\/comments?post=3332"}],"version-history":[{"count":1,"href":"https:\/\/www.upo.es\/investiga\/interglosia\/en\/wp-json\/wp\/v2\/posts\/3332\/revisions"}],"predecessor-version":[{"id":3333,"href":"https:\/\/www.upo.es\/investiga\/interglosia\/en\/wp-json\/wp\/v2\/posts\/3332\/revisions\/3333"}],"wp:featuredmedia":[{"embeddable":true,"href":"https:\/\/www.upo.es\/investiga\/interglosia\/en\/wp-json\/wp\/v2\/media\/3331"}],"wp:attachment":[{"href":"https:\/\/www.upo.es\/investiga\/interglosia\/en\/wp-json\/wp\/v2\/media?parent=3332"}],"wp:term":[{"taxonomy":"category","embeddable":true,"href":"https:\/\/www.upo.es\/investiga\/interglosia\/en\/wp-json\/wp\/v2\/categories?post=3332"},{"taxonomy":"post_tag","embeddable":true,"href":"https:\/\/www.upo.es\/investiga\/interglosia\/en\/wp-json\/wp\/v2\/tags?post=3332"}],"curies":[{"name":"wp","href":"https:\/\/api.w.org\/{rel}","templated":true}]}}