{"id":289,"date":"2018-10-19T06:43:02","date_gmt":"2018-10-19T06:43:02","guid":{"rendered":"https:\/\/www.upo.es\/investiga\/limites-violencia\/?p=289"},"modified":"2018-10-19T06:45:02","modified_gmt":"2018-10-19T06:45:02","slug":"19-10-2018-publicacion-del-libro-rome-and-irish-catholicism-in-the-atlantic-world-1622-1908","status":"publish","type":"post","link":"https:\/\/www.upo.es\/investiga\/limites-violencia\/en_en\/19-10-2018-publicacion-del-libro-rome-and-irish-catholicism-in-the-atlantic-world-1622-1908\/","title":{"rendered":"19\/10\/2018 Publicaci\u00f3n del libro \u00abRome and Irish Catholicism in the Atlantic World, 1622\u20131908\u00bb"},"content":{"rendered":"<p>En los \u00faltimos d\u00edas, ha tenido lugar la publicaci\u00f3n de la obra <a href=\"https:\/\/www.palgrave.com\/br\/book\/9783319959740\"><em>Rome and Irish Catholicism in the Atlantic World, 1622-1908<\/em><\/a>, editada por Matteo Binasco. Contiene, entre otros, el cap\u00edtulo elaborado por Igor P\u00e9rez Tostado, titulado \u00abThe Irish in\u00a0the\u00a0Iberian Atlantic and\u00a0Rome: Globalized Individuals and\u00a0the\u00a0Rise of\u00a0Transatlantic Networks of\u00a0Information\u00bb.<\/p>","protected":false},"excerpt":{"rendered":"<p>En los \u00faltimos d\u00edas, ha tenido lugar la publicaci\u00f3n de la obra Rome and Irish Catholicism in the Atlantic World, 1622-1908, editada por Matteo Binasco. Contiene, entre otros, el cap\u00edtulo elaborado por Igor P\u00e9rez Tostado, titulado \u00abThe Irish in\u00a0the\u00a0Iberian Atlantic and\u00a0Rome: Globalized Individuals and\u00a0the\u00a0Rise of\u00a0Transatlantic Networks of\u00a0Information\u00bb.<\/p>","protected":false},"author":1,"featured_media":291,"comment_status":"open","ping_status":"open","sticky":false,"template":"","format":"standard","meta":{"footnotes":""},"categories":[51],"tags":[54,49,55,53,57,52,56],"class_list":["post-289","post","type-post","status-publish","format-standard","has-post-thumbnail","hentry","category-publicaciones","tag-atlantic-world","tag-igor-perez-tostado","tag-irish-in-the-iberian-atlantic","tag-libro","tag-matteo-binasco","tag-publicacion","tag-rome-and-irish-catholicism","post-preview"],"_links":{"self":[{"href":"https:\/\/www.upo.es\/investiga\/limites-violencia\/en_en\/wp-json\/wp\/v2\/posts\/289","targetHints":{"allow":["GET"]}}],"collection":[{"href":"https:\/\/www.upo.es\/investiga\/limites-violencia\/en_en\/wp-json\/wp\/v2\/posts"}],"about":[{"href":"https:\/\/www.upo.es\/investiga\/limites-violencia\/en_en\/wp-json\/wp\/v2\/types\/post"}],"author":[{"embeddable":true,"href":"https:\/\/www.upo.es\/investiga\/limites-violencia\/en_en\/wp-json\/wp\/v2\/users\/1"}],"replies":[{"embeddable":true,"href":"https:\/\/www.upo.es\/investiga\/limites-violencia\/en_en\/wp-json\/wp\/v2\/comments?post=289"}],"version-history":[{"count":2,"href":"https:\/\/www.upo.es\/investiga\/limites-violencia\/en_en\/wp-json\/wp\/v2\/posts\/289\/revisions"}],"predecessor-version":[{"id":292,"href":"https:\/\/www.upo.es\/investiga\/limites-violencia\/en_en\/wp-json\/wp\/v2\/posts\/289\/revisions\/292"}],"wp:featuredmedia":[{"embeddable":true,"href":"https:\/\/www.upo.es\/investiga\/limites-violencia\/en_en\/wp-json\/wp\/v2\/media\/291"}],"wp:attachment":[{"href":"https:\/\/www.upo.es\/investiga\/limites-violencia\/en_en\/wp-json\/wp\/v2\/media?parent=289"}],"wp:term":[{"taxonomy":"category","embeddable":true,"href":"https:\/\/www.upo.es\/investiga\/limites-violencia\/en_en\/wp-json\/wp\/v2\/categories?post=289"},{"taxonomy":"post_tag","embeddable":true,"href":"https:\/\/www.upo.es\/investiga\/limites-violencia\/en_en\/wp-json\/wp\/v2\/tags?post=289"}],"curies":[{"name":"wp","href":"https:\/\/api.w.org\/{rel}","templated":true}]}}