{"id":386,"date":"2019-11-21T08:38:42","date_gmt":"2019-11-21T08:38:42","guid":{"rendered":"https:\/\/www.upo.es\/investiga\/limites-violencia\/?p=386"},"modified":"2019-11-21T08:40:22","modified_gmt":"2019-11-21T08:40:22","slug":"7-xi-2019-ni-cruzados-ni-yihadistas-violencia-y-paz-intercultural-en-el-siglo-xvi","status":"publish","type":"post","link":"https:\/\/www.upo.es\/investiga\/limites-violencia\/en_en\/7-xi-2019-ni-cruzados-ni-yihadistas-violencia-y-paz-intercultural-en-el-siglo-xvi\/","title":{"rendered":"7\/XI\/2019 Ni cruzados ni yihadistas. Violencia y paz intercultural en el siglo XVI."},"content":{"rendered":"<p><strong>Jueves 7 de noviembre, de 10:00 a 11:30 horas. Lugar: Sala de Grados II de la primera planta, del Edificio 25 de la UPO .\u00a0<\/strong><br><\/p>\n\n\n\n<p>Encuentro con\u00a0<strong>Jos\u00e9 Miguel Escribano P\u00e1ez<\/strong>, investigador Marie Curie del \u00c1rea de Historia Moderna del Departamento de Geograf\u00eda, Historia y Filosof\u00eda de la UPO y miembro del proyecto en los l\u00edmites de la violencia II. En esta charla tendremos la oportunidad de intercambiar ideas sobre la historia de las guerras religiosas, los hombres (y mujeres) que constru\u00edan paces para ponerlas fin, el imperio espa\u00f1ol, de la expansi\u00f3n europea del siglo XVI, de las m\u00faltiples formas de violencia, de las relaciones a trav\u00e9s de las diferencias religiosas y culturales de los distintos significados de la palabra paz, y de como se inventan mecanismos para superar la violencia cuando todo apunta en la direcci\u00f3n contraria.\u00a0<\/p>\n\n\n\n<p>La Oficina de Transferencia de Resultados de Investigaci\u00f3n (OTRI) organiza esta actividad en el marco de la <strong><a href=\"https:\/\/www.upo.es\/investiga\/limites-violencia\/en_en\/semanadelaciencia\/\">Semana de la Ciencia de la UPO<\/a><\/strong> dirigidas al p\u00fablico en general, y en las que es posible asistir sin necesidad de reserva previa<\/p>\n\n\n\n<figure class=\"wp-block-image size-large\"><img loading=\"lazy\" decoding=\"async\" width=\"200\" height=\"133\" src=\"https:\/\/www.upo.es\/investiga\/limites-violencia\/wp-content\/uploads\/2019\/11\/eSCRIBANO.JPG_977319952.jpeg\" alt=\"\" class=\"wp-image-387\"\/><\/figure>\n\n\n\n<p><\/p>","protected":false},"excerpt":{"rendered":"<p>Jueves 7 de noviembre, de 10:00 a 11:30 horas. Lugar: Sala de Grados II de la primera planta, del Edificio 25 de la UPO .\u00a0 Encuentro con\u00a0Jos\u00e9 Miguel Escribano P\u00e1ez, investigador Marie Curie del \u00c1rea de Historia Moderna del Departamento de Geograf\u00eda, Historia y Filosof\u00eda de la UPO y miembro del proyecto en los l\u00edmites [&hellip;]<\/p>","protected":false},"author":1,"featured_media":0,"comment_status":"open","ping_status":"open","sticky":false,"template":"","format":"standard","meta":{"footnotes":""},"categories":[33,34],"tags":[84,85,87,83,86,37,82],"class_list":["post-386","post","type-post","status-publish","format-standard","hentry","category-actividades","category-eventos","tag-interculturalidad","tag-jose-miguel-escribano","tag-otri","tag-paz","tag-semana-de-la-ciencia","tag-upo","tag-violencia","post-preview"],"_links":{"self":[{"href":"https:\/\/www.upo.es\/investiga\/limites-violencia\/en_en\/wp-json\/wp\/v2\/posts\/386","targetHints":{"allow":["GET"]}}],"collection":[{"href":"https:\/\/www.upo.es\/investiga\/limites-violencia\/en_en\/wp-json\/wp\/v2\/posts"}],"about":[{"href":"https:\/\/www.upo.es\/investiga\/limites-violencia\/en_en\/wp-json\/wp\/v2\/types\/post"}],"author":[{"embeddable":true,"href":"https:\/\/www.upo.es\/investiga\/limites-violencia\/en_en\/wp-json\/wp\/v2\/users\/1"}],"replies":[{"embeddable":true,"href":"https:\/\/www.upo.es\/investiga\/limites-violencia\/en_en\/wp-json\/wp\/v2\/comments?post=386"}],"version-history":[{"count":1,"href":"https:\/\/www.upo.es\/investiga\/limites-violencia\/en_en\/wp-json\/wp\/v2\/posts\/386\/revisions"}],"predecessor-version":[{"id":388,"href":"https:\/\/www.upo.es\/investiga\/limites-violencia\/en_en\/wp-json\/wp\/v2\/posts\/386\/revisions\/388"}],"wp:attachment":[{"href":"https:\/\/www.upo.es\/investiga\/limites-violencia\/en_en\/wp-json\/wp\/v2\/media?parent=386"}],"wp:term":[{"taxonomy":"category","embeddable":true,"href":"https:\/\/www.upo.es\/investiga\/limites-violencia\/en_en\/wp-json\/wp\/v2\/categories?post=386"},{"taxonomy":"post_tag","embeddable":true,"href":"https:\/\/www.upo.es\/investiga\/limites-violencia\/en_en\/wp-json\/wp\/v2\/tags?post=386"}],"curies":[{"name":"wp","href":"https:\/\/api.w.org\/{rel}","templated":true}]}}