{"id":389,"date":"2020-02-20T22:31:06","date_gmt":"2020-02-20T22:31:06","guid":{"rendered":"https:\/\/www.upo.es\/investiga\/limites-violencia\/?p=389"},"modified":"2020-02-20T22:44:34","modified_gmt":"2020-02-20T22:44:34","slug":"jose-miguel-escribano-participa-en-el-seminario-permanente-de-historia-de-la-globalizacion","status":"publish","type":"post","link":"https:\/\/www.upo.es\/investiga\/limites-violencia\/en_en\/jose-miguel-escribano-participa-en-el-seminario-permanente-de-historia-de-la-globalizacion\/","title":{"rendered":"Seminario permanente de Historia de la Globalizaci\u00f3n"},"content":{"rendered":"<figure class=\"wp-block-image size-large\"><img loading=\"lazy\" decoding=\"async\" width=\"724\" height=\"1024\" src=\"https:\/\/www.upo.es\/investiga\/limites-violencia\/wp-content\/uploads\/2020\/02\/27-febrero-2020-seminario-historia-globalizacio\u0301n-724x1024.jpg\" alt=\"\" class=\"wp-image-390\" srcset=\"https:\/\/www.upo.es\/investiga\/limites-violencia\/wp-content\/uploads\/2020\/02\/27-febrero-2020-seminario-historia-globalizacio\u0301n-724x1024.jpg 724w, https:\/\/www.upo.es\/investiga\/limites-violencia\/wp-content\/uploads\/2020\/02\/27-febrero-2020-seminario-historia-globalizacio\u0301n-212x300.jpg 212w, https:\/\/www.upo.es\/investiga\/limites-violencia\/wp-content\/uploads\/2020\/02\/27-febrero-2020-seminario-historia-globalizacio\u0301n-768x1086.jpg 768w, https:\/\/www.upo.es\/investiga\/limites-violencia\/wp-content\/uploads\/2020\/02\/27-febrero-2020-seminario-historia-globalizacio\u0301n-1086x1536.jpg 1086w, https:\/\/www.upo.es\/investiga\/limites-violencia\/wp-content\/uploads\/2020\/02\/27-febrero-2020-seminario-historia-globalizacio\u0301n-1448x2048.jpg 1448w, https:\/\/www.upo.es\/investiga\/limites-violencia\/wp-content\/uploads\/2020\/02\/27-febrero-2020-seminario-historia-globalizacio\u0301n-676x956.jpg 676w, https:\/\/www.upo.es\/investiga\/limites-violencia\/wp-content\/uploads\/2020\/02\/27-febrero-2020-seminario-historia-globalizacio\u0301n.jpg 1587w\" sizes=\"auto, (max-width: 724px) 100vw, 724px\" \/><\/figure>\n\n\n\n<p>El pr\u00f3ximo jueves 27 de febrero de 2020 a las 10:00 tendr\u00e1 lugar una \nnueva sesi\u00f3n del seminario permanente Historia de la Globalizaci\u00f3n. En \nella se presentar\u00e1n las siguientes investigaciones: <\/p>\n\n\n\n<p>10:10: Conferencia \u201cSaberes misioneros en la \u00e9poca de la expansi\u00f3n ib\u00e9rica: dise\u00f1o global y pr\u00e1ctica local\u201d, <strong>Dr. Guillermo Wilde<\/strong> (Consejo Nacional de Investigaciones Cient\u00edficas y T\u00e9cnicas; Universidad Nacional de San Mart\u00edn, Argentina)<\/p>\n\n\n\n<p>11:50: Conferencia \u201cDe Lepanto a Ternate: Guerra y contenci\u00f3n de la  \nviolencia en las fronteras globales de los imperios ib\u00e9ricos\u201d, <strong>Dr. Jose M. Escribano <\/strong>(Universidad Pablo de Olavide, Espa\u00f1a) <\/p>\n\n\n\n<p>La actividad tendr\u00e1 lugar en la sala de Grados II \u2013 CEI Cambio \n(Edificio 25 Biblioteca). La presentaci\u00f3n de la sesi\u00f3n correr\u00e1 a cargo \nde Omar Svriz Wucherer (UPO) e Igor P\u00e9rez Tostado se encargar\u00e1 de \nrealizar el balance final. <\/p>\n\n\n\n<p><strong>La sesi\u00f3n est\u00e1 organizada y financiada por el Proyecto H2020 MSC-IF 2016 GA 748592 <\/strong>\u201cOn the Frontiers of Peace: Cross-Cultural Peacebuilding on the Frontiers of the Iberian Empires (1500-1580)\u201d, el <strong>Grupo PAIDI HUM-1000: <\/strong>\u201cHistoria de la Globalizaci\u00f3n: violencia, negociaci\u00f3n e interculturalidad\u201d, el proyecto <strong>Proyecto HAR2017-82791-C2-2-P<\/strong>\n \u00abEn los l\u00edmites de la violencia (II) La larga sombra de las masacres \nmodernas en contexto global\u00bb y el \u00abNodo Masacre y Frontera\u00bb de la <strong>Red Columnaria<\/strong>.<\/p>","protected":false},"excerpt":{"rendered":"<p>El pr\u00f3ximo jueves 27 de febrero de 2020 a las 10:00 tendr\u00e1 lugar una nueva sesi\u00f3n del seminario permanente Historia de la Globalizaci\u00f3n. En ella se presentar\u00e1n las siguientes investigaciones: 10:10: Conferencia \u201cSaberes misioneros en la \u00e9poca de la expansi\u00f3n ib\u00e9rica: dise\u00f1o global y pr\u00e1ctica local\u201d, Dr. Guillermo Wilde (Consejo Nacional de Investigaciones Cient\u00edficas y [&hellip;]<\/p>","protected":false},"author":1,"featured_media":0,"comment_status":"open","ping_status":"open","sticky":false,"template":"","format":"standard","meta":{"footnotes":""},"categories":[1],"tags":[],"class_list":["post-389","post","type-post","status-publish","format-standard","hentry","category-sin-categoria","post-preview"],"_links":{"self":[{"href":"https:\/\/www.upo.es\/investiga\/limites-violencia\/en_en\/wp-json\/wp\/v2\/posts\/389","targetHints":{"allow":["GET"]}}],"collection":[{"href":"https:\/\/www.upo.es\/investiga\/limites-violencia\/en_en\/wp-json\/wp\/v2\/posts"}],"about":[{"href":"https:\/\/www.upo.es\/investiga\/limites-violencia\/en_en\/wp-json\/wp\/v2\/types\/post"}],"author":[{"embeddable":true,"href":"https:\/\/www.upo.es\/investiga\/limites-violencia\/en_en\/wp-json\/wp\/v2\/users\/1"}],"replies":[{"embeddable":true,"href":"https:\/\/www.upo.es\/investiga\/limites-violencia\/en_en\/wp-json\/wp\/v2\/comments?post=389"}],"version-history":[{"count":2,"href":"https:\/\/www.upo.es\/investiga\/limites-violencia\/en_en\/wp-json\/wp\/v2\/posts\/389\/revisions"}],"predecessor-version":[{"id":392,"href":"https:\/\/www.upo.es\/investiga\/limites-violencia\/en_en\/wp-json\/wp\/v2\/posts\/389\/revisions\/392"}],"wp:attachment":[{"href":"https:\/\/www.upo.es\/investiga\/limites-violencia\/en_en\/wp-json\/wp\/v2\/media?parent=389"}],"wp:term":[{"taxonomy":"category","embeddable":true,"href":"https:\/\/www.upo.es\/investiga\/limites-violencia\/en_en\/wp-json\/wp\/v2\/categories?post=389"},{"taxonomy":"post_tag","embeddable":true,"href":"https:\/\/www.upo.es\/investiga\/limites-violencia\/en_en\/wp-json\/wp\/v2\/tags?post=389"}],"curies":[{"name":"wp","href":"https:\/\/api.w.org\/{rel}","templated":true}]}}