{"id":616,"date":"2022-11-08T08:15:04","date_gmt":"2022-11-08T08:15:04","guid":{"rendered":"https:\/\/www.upo.es\/investiga\/limites-violencia\/?p=616"},"modified":"2022-11-08T08:15:04","modified_gmt":"2022-11-08T08:15:04","slug":"charla-del-profesor-jose-maria-cardesin-en-la-upo-violencia-colectiva-y-protesta-popular-en-la-guerra-de-la-independencia-un-proyecto-de-investigacion-comparativa","status":"publish","type":"post","link":"https:\/\/www.upo.es\/investiga\/limites-violencia\/en_en\/charla-del-profesor-jose-maria-cardesin-en-la-upo-violencia-colectiva-y-protesta-popular-en-la-guerra-de-la-independencia-un-proyecto-de-investigacion-comparativa\/","title":{"rendered":"Charla del profesor Jos\u00e9 Mar\u00eda Cardes\u00edn en la UPO, \u00abViolencia colectiva y protesta popular en la Guerra de la Independencia: un proyecto de investigaci\u00f3n comparativa\u00bb"},"content":{"rendered":"<p>El profesor Jos\u00e9 Mar\u00eda Cardes\u00edn (Universidade da Coru\u00f1a) impartir\u00e1 hoy, d\u00eda 8 de noviembre, a las 17:00 horas de la tarde, en el Aula 1.17 del Edificio 24 de la UPO, una charla sobre la protesta popular durante la Guerra de la Independencia en las ciudades, dentro del marco de trabajo de su&nbsp;<a href=\"https:\/\/vices.udc.es\/\">proyecto VICES<\/a>&nbsp;(\u00abViolencia Colectiva en la Guerra de la Independencia).<\/p>\n\n\n\n<p>Este proyecto se propone investigar las relaciones cambiantes entre conflicto y producci\u00f3n de consenso social, entre los c\u00f3digos de protesta popular y las manifestaciones de violencia colectiva en Espa\u00f1a en el tr\u00e1nsito entre la Edad Moderna y la Edad Contempor\u00e1nea, y m\u00e1s concretamente durante la Guerra de la Independencia (1808-1814).<\/p>\n\n\n\n<p>Para m\u00e1s informaci\u00f3n, puede descargar el cartel de la actividad&nbsp;<a href=\"https:\/\/www.upo.es\/investiga\/globalhistory\/wp-content\/uploads\/2022\/11\/Programa-Seminario-Violencia_8NOV.png\">aqu\u00ed.<\/a><\/p>","protected":false},"excerpt":{"rendered":"<p>El profesor Jos\u00e9 Mar\u00eda Cardes\u00edn (Universidade da Coru\u00f1a) impartir\u00e1 hoy, d\u00eda 8 de noviembre, a las 17:00 horas de la tarde, en el Aula 1.17 del Edificio 24 de la UPO, una charla sobre la protesta popular durante la Guerra de la Independencia en las ciudades, dentro del marco de trabajo de su&nbsp;proyecto VICES&nbsp;(\u00abViolencia Colectiva [&hellip;]<\/p>","protected":false},"author":1,"featured_media":617,"comment_status":"open","ping_status":"open","sticky":false,"template":"","format":"standard","meta":{"footnotes":""},"categories":[1],"tags":[],"class_list":["post-616","post","type-post","status-publish","format-standard","has-post-thumbnail","hentry","category-sin-categoria","post-preview"],"_links":{"self":[{"href":"https:\/\/www.upo.es\/investiga\/limites-violencia\/en_en\/wp-json\/wp\/v2\/posts\/616","targetHints":{"allow":["GET"]}}],"collection":[{"href":"https:\/\/www.upo.es\/investiga\/limites-violencia\/en_en\/wp-json\/wp\/v2\/posts"}],"about":[{"href":"https:\/\/www.upo.es\/investiga\/limites-violencia\/en_en\/wp-json\/wp\/v2\/types\/post"}],"author":[{"embeddable":true,"href":"https:\/\/www.upo.es\/investiga\/limites-violencia\/en_en\/wp-json\/wp\/v2\/users\/1"}],"replies":[{"embeddable":true,"href":"https:\/\/www.upo.es\/investiga\/limites-violencia\/en_en\/wp-json\/wp\/v2\/comments?post=616"}],"version-history":[{"count":1,"href":"https:\/\/www.upo.es\/investiga\/limites-violencia\/en_en\/wp-json\/wp\/v2\/posts\/616\/revisions"}],"predecessor-version":[{"id":618,"href":"https:\/\/www.upo.es\/investiga\/limites-violencia\/en_en\/wp-json\/wp\/v2\/posts\/616\/revisions\/618"}],"wp:featuredmedia":[{"embeddable":true,"href":"https:\/\/www.upo.es\/investiga\/limites-violencia\/en_en\/wp-json\/wp\/v2\/media\/617"}],"wp:attachment":[{"href":"https:\/\/www.upo.es\/investiga\/limites-violencia\/en_en\/wp-json\/wp\/v2\/media?parent=616"}],"wp:term":[{"taxonomy":"category","embeddable":true,"href":"https:\/\/www.upo.es\/investiga\/limites-violencia\/en_en\/wp-json\/wp\/v2\/categories?post=616"},{"taxonomy":"post_tag","embeddable":true,"href":"https:\/\/www.upo.es\/investiga\/limites-violencia\/en_en\/wp-json\/wp\/v2\/tags?post=616"}],"curies":[{"name":"wp","href":"https:\/\/api.w.org\/{rel}","templated":true}]}}