{"id":623,"date":"2023-03-08T10:48:27","date_gmt":"2023-03-08T10:48:27","guid":{"rendered":"https:\/\/www.upo.es\/investiga\/limites-violencia\/?p=623"},"modified":"2023-03-08T10:52:13","modified_gmt":"2023-03-08T10:52:13","slug":"el-profesor-igor-perez-upo-participa-en-las-actividades-del-8m-revisando-la-presencia-femenina-en-la-guerra-moderna","status":"publish","type":"post","link":"https:\/\/www.upo.es\/investiga\/limites-violencia\/en_en\/el-profesor-igor-perez-upo-participa-en-las-actividades-del-8m-revisando-la-presencia-femenina-en-la-guerra-moderna\/","title":{"rendered":"El profesor Igor P\u00e9rez (UPO) participa en las actividades del 8M revisando la presencia femenina en la guerra moderna"},"content":{"rendered":"<p>El profesor Igor P\u00e9rez Tostado (UPO) participa en las actividades del 8 de marzo, con motivo del D\u00eda de la Mujer Trabajadora, con una contribuci\u00f3n sobre las aportaciones de la historia social de la violencia.<\/p>\n\n\n\n<p>Con motivo del 8M, la Facultad de Humanidades de la Universidad Pablo de Olavide desmonta en una serie de v\u00eddeos del profesorado de Humanidades los mitos atribuidos a las mujeres en diversas disciplinas como la Historia, la Filosof\u00eda o la Literatura.  El profesor P\u00e9rez Tostado comparte la orientaci\u00f3n del proyecto En los l\u00edmites de la violencia (III), donde se revisa la importancia de la dimensi\u00f3n de g\u00e9nero para comprender la conquista, destrucci\u00f3n o supervivencia de las comunidades en guerra.<\/p>\n\n\n\n<div class=\"wp-block-image\"><figure class=\"aligncenter size-large is-resized\"><a href=\"https:\/\/www.instagram.com\/p\/Cpci6lvskD9\/\"><img loading=\"lazy\" decoding=\"async\" src=\"https:\/\/www.upo.es\/investiga\/limites-violencia\/wp-content\/uploads\/2023\/03\/WhatsApp-Image-2023-03-08-at-11.46.42-1024x583.jpeg\" alt=\"\" class=\"wp-image-624\" width=\"547\" height=\"311\" srcset=\"https:\/\/www.upo.es\/investiga\/limites-violencia\/wp-content\/uploads\/2023\/03\/WhatsApp-Image-2023-03-08-at-11.46.42-1024x583.jpeg 1024w, https:\/\/www.upo.es\/investiga\/limites-violencia\/wp-content\/uploads\/2023\/03\/WhatsApp-Image-2023-03-08-at-11.46.42-300x171.jpeg 300w, https:\/\/www.upo.es\/investiga\/limites-violencia\/wp-content\/uploads\/2023\/03\/WhatsApp-Image-2023-03-08-at-11.46.42-768x437.jpeg 768w, https:\/\/www.upo.es\/investiga\/limites-violencia\/wp-content\/uploads\/2023\/03\/WhatsApp-Image-2023-03-08-at-11.46.42-16x9.jpeg 16w, https:\/\/www.upo.es\/investiga\/limites-violencia\/wp-content\/uploads\/2023\/03\/WhatsApp-Image-2023-03-08-at-11.46.42.jpeg 1170w\" sizes=\"auto, (max-width: 547px) 100vw, 547px\" \/><\/a><figcaption><a href=\"https:\/\/www.instagram.com\/p\/Cpci6lvskD9\/\">https:\/\/www.instagram.com\/p\/Cpci6lvskD9\/<\/a><\/figcaption><\/figure><\/div>\n\n\n\n<p>Puede ver el v\u00eddeo completo en el perfil de la Facultad de Humanidades UPO <a href=\"https:\/\/www.instagram.com\/p\/Cpci6lvskD9\/\">aqu\u00ed<\/a>. <\/p>","protected":false},"excerpt":{"rendered":"<p>El profesor Igor P\u00e9rez Tostado (UPO) participa en las actividades del 8 de marzo, con motivo del D\u00eda de la Mujer Trabajadora, con una contribuci\u00f3n sobre las aportaciones de la historia social de la violencia. Con motivo del 8M, la Facultad de Humanidades de la Universidad Pablo de Olavide desmonta en una serie de v\u00eddeos [&hellip;]<\/p>","protected":false},"author":1,"featured_media":626,"comment_status":"open","ping_status":"open","sticky":false,"template":"","format":"standard","meta":{"footnotes":""},"categories":[1],"tags":[],"class_list":["post-623","post","type-post","status-publish","format-standard","has-post-thumbnail","hentry","category-sin-categoria","post-preview"],"_links":{"self":[{"href":"https:\/\/www.upo.es\/investiga\/limites-violencia\/en_en\/wp-json\/wp\/v2\/posts\/623","targetHints":{"allow":["GET"]}}],"collection":[{"href":"https:\/\/www.upo.es\/investiga\/limites-violencia\/en_en\/wp-json\/wp\/v2\/posts"}],"about":[{"href":"https:\/\/www.upo.es\/investiga\/limites-violencia\/en_en\/wp-json\/wp\/v2\/types\/post"}],"author":[{"embeddable":true,"href":"https:\/\/www.upo.es\/investiga\/limites-violencia\/en_en\/wp-json\/wp\/v2\/users\/1"}],"replies":[{"embeddable":true,"href":"https:\/\/www.upo.es\/investiga\/limites-violencia\/en_en\/wp-json\/wp\/v2\/comments?post=623"}],"version-history":[{"count":1,"href":"https:\/\/www.upo.es\/investiga\/limites-violencia\/en_en\/wp-json\/wp\/v2\/posts\/623\/revisions"}],"predecessor-version":[{"id":625,"href":"https:\/\/www.upo.es\/investiga\/limites-violencia\/en_en\/wp-json\/wp\/v2\/posts\/623\/revisions\/625"}],"wp:featuredmedia":[{"embeddable":true,"href":"https:\/\/www.upo.es\/investiga\/limites-violencia\/en_en\/wp-json\/wp\/v2\/media\/626"}],"wp:attachment":[{"href":"https:\/\/www.upo.es\/investiga\/limites-violencia\/en_en\/wp-json\/wp\/v2\/media?parent=623"}],"wp:term":[{"taxonomy":"category","embeddable":true,"href":"https:\/\/www.upo.es\/investiga\/limites-violencia\/en_en\/wp-json\/wp\/v2\/categories?post=623"},{"taxonomy":"post_tag","embeddable":true,"href":"https:\/\/www.upo.es\/investiga\/limites-violencia\/en_en\/wp-json\/wp\/v2\/tags?post=623"}],"curies":[{"name":"wp","href":"https:\/\/api.w.org\/{rel}","templated":true}]}}