{"id":848,"date":"2025-03-14T10:32:02","date_gmt":"2025-03-14T10:32:02","guid":{"rendered":"https:\/\/www.upo.es\/investiga\/limites-violencia\/?p=848"},"modified":"2025-03-14T10:33:37","modified_gmt":"2025-03-14T10:33:37","slug":"nueva-publicacion-de-divulgacion-cuando-san-patricio-cruzo-el-mar","status":"publish","type":"post","link":"https:\/\/www.upo.es\/investiga\/limites-violencia\/en_en\/nueva-publicacion-de-divulgacion-cuando-san-patricio-cruzo-el-mar\/","title":{"rendered":"Nueva publicaci\u00f3n de divulgaci\u00f3n: Cuando San Patricio cruz\u00f3 el mar"},"content":{"rendered":"<p>Con motivo del D\u00eda de San Patricio, el 17 de marzo de 2025, Igor P\u00e9rez Tostado ha publicado un art\u00edculo de divulgaci\u00f3n en\u00a0<em><a href=\"https:\/\/theconversation.com\/cuando-san-patricio-cruzo-el-mar-el-exilio-irlandes-y-la-monarquia-hispanica-251883\" data-type=\"link\" data-id=\"https:\/\/theconversation.com\/cuando-san-patricio-cruzo-el-mar-el-exilio-irlandes-y-la-monarquia-hispanica-251883\">The Conversation<\/a><\/em>, en el que analiza c\u00f3mo los exiliados irlandeses en la Monarqu\u00eda Hisp\u00e1nica, en el siglo XVII y en el contexto de la Contrarreforma cat\u00f3lica, transformaron el culto a San Patricio. Este proceso cre\u00f3 la figura del Santo Patr\u00f3n de la isla y s\u00edmbolo de la identidad nacional irlandesa contempor\u00e1nea.<\/p>\n\n\n\n<p><\/p>","protected":false},"excerpt":{"rendered":"<p>Con motivo del D\u00eda de San Patricio, el 17 de marzo de 2025, Igor P\u00e9rez Tostado ha publicado un art\u00edculo de divulgaci\u00f3n en\u00a0The Conversation, en el que analiza c\u00f3mo los exiliados irlandeses en la Monarqu\u00eda Hisp\u00e1nica, en el siglo XVII y en el contexto de la Contrarreforma cat\u00f3lica, transformaron el culto a San Patricio. Este [&hellip;]<\/p>","protected":false},"author":1,"featured_media":850,"comment_status":"open","ping_status":"open","sticky":false,"template":"","format":"standard","meta":{"footnotes":""},"categories":[100],"tags":[],"class_list":["post-848","post","type-post","status-publish","format-standard","has-post-thumbnail","hentry","category-divulgacion","post-preview"],"_links":{"self":[{"href":"https:\/\/www.upo.es\/investiga\/limites-violencia\/en_en\/wp-json\/wp\/v2\/posts\/848","targetHints":{"allow":["GET"]}}],"collection":[{"href":"https:\/\/www.upo.es\/investiga\/limites-violencia\/en_en\/wp-json\/wp\/v2\/posts"}],"about":[{"href":"https:\/\/www.upo.es\/investiga\/limites-violencia\/en_en\/wp-json\/wp\/v2\/types\/post"}],"author":[{"embeddable":true,"href":"https:\/\/www.upo.es\/investiga\/limites-violencia\/en_en\/wp-json\/wp\/v2\/users\/1"}],"replies":[{"embeddable":true,"href":"https:\/\/www.upo.es\/investiga\/limites-violencia\/en_en\/wp-json\/wp\/v2\/comments?post=848"}],"version-history":[{"count":1,"href":"https:\/\/www.upo.es\/investiga\/limites-violencia\/en_en\/wp-json\/wp\/v2\/posts\/848\/revisions"}],"predecessor-version":[{"id":849,"href":"https:\/\/www.upo.es\/investiga\/limites-violencia\/en_en\/wp-json\/wp\/v2\/posts\/848\/revisions\/849"}],"wp:featuredmedia":[{"embeddable":true,"href":"https:\/\/www.upo.es\/investiga\/limites-violencia\/en_en\/wp-json\/wp\/v2\/media\/850"}],"wp:attachment":[{"href":"https:\/\/www.upo.es\/investiga\/limites-violencia\/en_en\/wp-json\/wp\/v2\/media?parent=848"}],"wp:term":[{"taxonomy":"category","embeddable":true,"href":"https:\/\/www.upo.es\/investiga\/limites-violencia\/en_en\/wp-json\/wp\/v2\/categories?post=848"},{"taxonomy":"post_tag","embeddable":true,"href":"https:\/\/www.upo.es\/investiga\/limites-violencia\/en_en\/wp-json\/wp\/v2\/tags?post=848"}],"curies":[{"name":"wp","href":"https:\/\/api.w.org\/{rel}","templated":true}]}}