{"id":869,"date":"2025-04-22T21:17:24","date_gmt":"2025-04-22T21:17:24","guid":{"rendered":"https:\/\/www.upo.es\/investiga\/limites-violencia\/?p=869"},"modified":"2025-04-22T21:17:26","modified_gmt":"2025-04-22T21:17:26","slug":"participacion-en-el-iii-congreso-internacional-guerra-y-sociedad","status":"publish","type":"post","link":"https:\/\/www.upo.es\/investiga\/limites-violencia\/en_en\/participacion-en-el-iii-congreso-internacional-guerra-y-sociedad\/","title":{"rendered":"Participaci\u00f3n en el III Congreso Internacional Guerra y Sociedad"},"content":{"rendered":"<p>Los pr\u00f3ximos&nbsp;<strong>24, 25 y 26 de abril<\/strong>&nbsp;se celebrar\u00e1 en&nbsp;<strong>Madrid<\/strong>&nbsp;el&nbsp;<strong>III Congreso Internacional Guerra y Sociedad en la Monarqu\u00eda Hisp\u00e1nica. Estrategia, ej\u00e9rcitos, historia naval, organizaci\u00f3n y cultura militar en el mundo moderno (1500-1800)<\/strong>.<\/p>\n\n\n\n<p>El congreso reunir\u00e1 un total de&nbsp;<strong>80 ponencias<\/strong>&nbsp;centradas en la historia militar de la Edad Moderna y contar\u00e1 con una destacada participaci\u00f3n de investigadores vinculados a los proyectos coordinados&nbsp;<strong>Hispanofilia V<\/strong>&nbsp;and&nbsp;<strong>En los L\u00edmites de la Violencia III<\/strong>.<\/p>\n\n\n\n<p>Nuestros compa\u00f1eros presentan las siguientes comunicaciones:<\/p>\n\n\n\n<ul class=\"wp-block-list\">\n<li><strong>Jos\u00e9 Sovarzo<\/strong>,\u00a0<em>\u201cLa gesti\u00f3n de la violencia en las fronteras de la Nueva Espa\u00f1a y el Per\u00fa durante las administraciones virreinales de Luis de Velasco y Castilla (1590-1607): La Guerra Chichimeca y la Guerra del Arauco.\u201d<\/em><\/li>\n\n\n\n<li><strong>Eder Gallegos Ruiz<\/strong>,\u00a0<em>\u201cDe la India oriental a la Nueva Espa\u00f1a: historias globales de la artiller\u00eda hispana en las contingencias mar\u00edtimas del siglo XVIII.\u201d<\/em><\/li>\n\n\n\n<li><strong>Sandra Su\u00e1rez Garc\u00eda<\/strong>,\u00a0<em>\u201cLa mujer en la cultura militar de los ej\u00e9rcitos de los Austrias.\u201d<\/em><\/li>\n\n\n\n<li><strong>Luis Fe Cantos<\/strong>,\u00a0<em>\u201cLa decadencia de las galeras y el auge del jabeque en la guerra contra el corso berberisco (1748-1768): reflexiones sobre transici\u00f3n tecnol\u00f3gica y eficacia militar.\u201d<\/em><\/li>\n\n\n\n<li><strong>Igor P\u00e9rez Tostado<\/strong>,\u00a0<em>\u201cSangre y fuego: el impacto de las t\u00e1cticas de devastaci\u00f3n en las fronteras extraeuropeas de la Monarqu\u00eda Hisp\u00e1nica.\u201d<\/em><\/li>\n<\/ul>\n\n\n\n<p>La informaci\u00f3n detallada del congreso y el programa completo pueden consultarse en la\u00a0<a href=\"https:\/\/guerraysociedad3.com\">web oficial del Congreso<\/a>.<\/p>","protected":false},"excerpt":{"rendered":"<p>Los pr\u00f3ximos&nbsp;24, 25 y 26 de abril&nbsp;se celebrar\u00e1 en&nbsp;Madrid&nbsp;el&nbsp;III Congreso Internacional Guerra y Sociedad en la Monarqu\u00eda Hisp\u00e1nica. Estrategia, ej\u00e9rcitos, historia naval, organizaci\u00f3n y cultura militar en el mundo moderno (1500-1800). El congreso reunir\u00e1 un total de&nbsp;80 ponencias&nbsp;centradas en la historia militar de la Edad Moderna y contar\u00e1 con una destacada participaci\u00f3n de investigadores vinculados [&hellip;]<\/p>","protected":false},"author":1,"featured_media":870,"comment_status":"open","ping_status":"open","sticky":false,"template":"","format":"standard","meta":{"footnotes":""},"categories":[33,11],"tags":[16,109,112,108,110,111],"class_list":["post-869","post","type-post","status-publish","format-standard","has-post-thumbnail","hentry","category-actividades","category-congresos","tag-congreso-internacional","tag-eder-gallegos-ruiz","tag-guerra-y-sociedad","tag-jose-sovarzo","tag-luis-fe-cantos","tag-sandra-suarez-garcia","post-preview"],"_links":{"self":[{"href":"https:\/\/www.upo.es\/investiga\/limites-violencia\/en_en\/wp-json\/wp\/v2\/posts\/869","targetHints":{"allow":["GET"]}}],"collection":[{"href":"https:\/\/www.upo.es\/investiga\/limites-violencia\/en_en\/wp-json\/wp\/v2\/posts"}],"about":[{"href":"https:\/\/www.upo.es\/investiga\/limites-violencia\/en_en\/wp-json\/wp\/v2\/types\/post"}],"author":[{"embeddable":true,"href":"https:\/\/www.upo.es\/investiga\/limites-violencia\/en_en\/wp-json\/wp\/v2\/users\/1"}],"replies":[{"embeddable":true,"href":"https:\/\/www.upo.es\/investiga\/limites-violencia\/en_en\/wp-json\/wp\/v2\/comments?post=869"}],"version-history":[{"count":1,"href":"https:\/\/www.upo.es\/investiga\/limites-violencia\/en_en\/wp-json\/wp\/v2\/posts\/869\/revisions"}],"predecessor-version":[{"id":871,"href":"https:\/\/www.upo.es\/investiga\/limites-violencia\/en_en\/wp-json\/wp\/v2\/posts\/869\/revisions\/871"}],"wp:featuredmedia":[{"embeddable":true,"href":"https:\/\/www.upo.es\/investiga\/limites-violencia\/en_en\/wp-json\/wp\/v2\/media\/870"}],"wp:attachment":[{"href":"https:\/\/www.upo.es\/investiga\/limites-violencia\/en_en\/wp-json\/wp\/v2\/media?parent=869"}],"wp:term":[{"taxonomy":"category","embeddable":true,"href":"https:\/\/www.upo.es\/investiga\/limites-violencia\/en_en\/wp-json\/wp\/v2\/categories?post=869"},{"taxonomy":"post_tag","embeddable":true,"href":"https:\/\/www.upo.es\/investiga\/limites-violencia\/en_en\/wp-json\/wp\/v2\/tags?post=869"}],"curies":[{"name":"wp","href":"https:\/\/api.w.org\/{rel}","templated":true}]}}