{"id":885,"date":"2025-06-03T09:42:28","date_gmt":"2025-06-03T09:42:28","guid":{"rendered":"https:\/\/www.upo.es\/investiga\/limites-violencia\/?p=885"},"modified":"2025-06-03T09:42:29","modified_gmt":"2025-06-03T09:42:29","slug":"ultima-sesion-de-primavera-del-seminario-cautiverio-y-violencia-ca-cargo-del-proyecto-erc-femsmed-female-slavery-in-mediterranean-catholic-europe-1500-1800","status":"publish","type":"post","link":"https:\/\/www.upo.es\/investiga\/limites-violencia\/en_en\/ultima-sesion-de-primavera-del-seminario-cautiverio-y-violencia-ca-cargo-del-proyecto-erc-femsmed-female-slavery-in-mediterranean-catholic-europe-1500-1800\/","title":{"rendered":"\u00daltima sesi\u00f3n de primavera del seminario Cautiverio y Violencia ca cargo del proyecto ERC FemSMed \u00abFemale slavery in Mediterranean Catholic Europe, 1500-1800\u00bb"},"content":{"rendered":"<p>El pr\u00f3ximo\u00a0<strong>mi\u00e9rcoles 4 de junio de 2025 a las 19:00 horas (CEST)<\/strong>\u00a0se celebrar\u00e1 la \u00faltima sesi\u00f3n de esta temporada de primavera del <em>Seminario Internacional Permanente Cautiverio y Violencia en los Mundos Ib\u00e9ricos<\/em>.<\/p>\n\n\n\n<p>En esta ocasi\u00f3n, contaremos con la participaci\u00f3n del equipo del&nbsp;<strong>proyecto avanzado FemSMed ERC<\/strong>&nbsp;(<em>Tel Aviv University<\/em>), que presentar\u00e1 su investigaci\u00f3n bajo el t\u00edtulo:<\/p>\n\n\n\n<h3 class=\"wp-block-heading\"><strong>\u201cFemale Slavery in Mediterranean Catholic Europe, 1500\u20131800\u201d<\/strong><\/h3>\n\n\n\n<p>La asistencia es libre y gratuita a trav\u00e9s de zoom: <a href=\"https:\/\/us06web.zoom.us\/meeting\/register\/i0caitgLQsa6mlUAWo2QkA\">https:\/\/us06web.zoom.us\/meeting\/register\/i0caitgLQsa6mlUAWo2QkA<\/a><\/p>","protected":false},"excerpt":{"rendered":"<p>El pr\u00f3ximo\u00a0mi\u00e9rcoles 4 de junio de 2025 a las 19:00 horas (CEST)\u00a0se celebrar\u00e1 la \u00faltima sesi\u00f3n de esta temporada de primavera del Seminario Internacional Permanente Cautiverio y Violencia en los Mundos Ib\u00e9ricos. En esta ocasi\u00f3n, contaremos con la participaci\u00f3n del equipo del&nbsp;proyecto avanzado FemSMed ERC&nbsp;(Tel Aviv University), que presentar\u00e1 su investigaci\u00f3n bajo el t\u00edtulo: \u201cFemale [&hellip;]<\/p>","protected":false},"author":1,"featured_media":886,"comment_status":"open","ping_status":"open","sticky":false,"template":"","format":"standard","meta":{"footnotes":""},"categories":[101],"tags":[],"class_list":["post-885","post","type-post","status-publish","format-standard","has-post-thumbnail","hentry","category-seminario-internacional-permanente-cautiverio-y-violencia-en-los-mundos-ibericos","post-preview"],"_links":{"self":[{"href":"https:\/\/www.upo.es\/investiga\/limites-violencia\/en_en\/wp-json\/wp\/v2\/posts\/885","targetHints":{"allow":["GET"]}}],"collection":[{"href":"https:\/\/www.upo.es\/investiga\/limites-violencia\/en_en\/wp-json\/wp\/v2\/posts"}],"about":[{"href":"https:\/\/www.upo.es\/investiga\/limites-violencia\/en_en\/wp-json\/wp\/v2\/types\/post"}],"author":[{"embeddable":true,"href":"https:\/\/www.upo.es\/investiga\/limites-violencia\/en_en\/wp-json\/wp\/v2\/users\/1"}],"replies":[{"embeddable":true,"href":"https:\/\/www.upo.es\/investiga\/limites-violencia\/en_en\/wp-json\/wp\/v2\/comments?post=885"}],"version-history":[{"count":1,"href":"https:\/\/www.upo.es\/investiga\/limites-violencia\/en_en\/wp-json\/wp\/v2\/posts\/885\/revisions"}],"predecessor-version":[{"id":887,"href":"https:\/\/www.upo.es\/investiga\/limites-violencia\/en_en\/wp-json\/wp\/v2\/posts\/885\/revisions\/887"}],"wp:featuredmedia":[{"embeddable":true,"href":"https:\/\/www.upo.es\/investiga\/limites-violencia\/en_en\/wp-json\/wp\/v2\/media\/886"}],"wp:attachment":[{"href":"https:\/\/www.upo.es\/investiga\/limites-violencia\/en_en\/wp-json\/wp\/v2\/media?parent=885"}],"wp:term":[{"taxonomy":"category","embeddable":true,"href":"https:\/\/www.upo.es\/investiga\/limites-violencia\/en_en\/wp-json\/wp\/v2\/categories?post=885"},{"taxonomy":"post_tag","embeddable":true,"href":"https:\/\/www.upo.es\/investiga\/limites-violencia\/en_en\/wp-json\/wp\/v2\/tags?post=885"}],"curies":[{"name":"wp","href":"https:\/\/api.w.org\/{rel}","templated":true}]}}