{"id":889,"date":"2025-07-01T05:30:21","date_gmt":"2025-07-01T05:30:21","guid":{"rendered":"https:\/\/www.upo.es\/investiga\/limites-violencia\/?p=889"},"modified":"2025-12-01T06:12:20","modified_gmt":"2025-12-01T06:12:20","slug":"congreso-internacional-massacre-and-the-law-atrocity-the-holy-roman-empire-and-the-thirty-years-war","status":"publish","type":"post","link":"https:\/\/www.upo.es\/investiga\/limites-violencia\/en_en\/congreso-internacional-massacre-and-the-law-atrocity-the-holy-roman-empire-and-the-thirty-years-war\/","title":{"rendered":"Congreso internacional: Massacre and the Law: Atrocity, the Holy Roman Empire and the Thirty Years War"},"content":{"rendered":"<p>Entre los d\u00edas <strong>4 y 6 de julio de 2025<\/strong> se celebra en el <strong>Instituto de Historia Europea (IEG)<\/strong> de <strong>Mainz (Alemania)<\/strong> el congreso internacional titulado<\/p>\n\n\n\n<p><strong>Massacre and the Law: Atrocity, the Holy Roman Empire and the Thirty Years War<\/strong>,<\/p>\n\n\n\n<p>centrado en el an\u00e1lisis hist\u00f3rico y jur\u00eddico de la masacre como fen\u00f3meno de violencia extrema a parti del caso del <strong>Sacro Imperio Romano Germ\u00e1nico<\/strong> y la <strong>Guerra de los Treinta A\u00f1os<\/strong>.<\/p>\n\n\n\n<p>El congreso est\u00e1 <strong>coorganizado por el profesor Harald Braun<\/strong> (University of Liverpool), en colaboraci\u00f3n con el equipo del IEG de Mainz y cuenta con el apoyo de la <strong>Fritz-Thyssen-Stiftung<\/strong>.<\/p>\n\n\n\n<p>Entre los ponentes invitados se encuentra <strong>Igor P\u00e9rez Tostado<\/strong>, investigador principal del proyecto <em>En los l\u00edmites de la violencia III<\/em>, quien presentar\u00e1 la ponencia titulada:<\/p>\n\n\n\n<p><strong>\u201cFrom Massacre to the Arithmetic of Violence: Ireland and the Transformation of Violence in the Mid-17th Century\u201d<\/strong>,<\/p>\n\n\n\n<p>en la que abordar\u00e1 el paso de formas de violencia extrema a nuevos modos de gesti\u00f3n racionalizada y calculada del poder imperial, a partir del caso irland\u00e9s en la d\u00e9cada de 1650.<\/p>\n\n\n\n<p>El programa completo del congreso, est\u00e1 disponible en la <a href=\"https:\/\/massacreandthelaw.wordpress.com\/conference-programme\/\">web del evento<\/a>.<\/p>\n\n\n\n<p><\/p>","protected":false},"excerpt":{"rendered":"<p>Entre los d\u00edas 4 y 6 de julio de 2025 se celebra en el Instituto de Historia Europea (IEG) de Mainz (Alemania) el congreso internacional titulado Massacre and the Law: Atrocity, the Holy Roman Empire and the Thirty Years War, centrado en el an\u00e1lisis hist\u00f3rico y jur\u00eddico de la masacre como fen\u00f3meno de violencia extrema [&hellip;]<\/p>","protected":false},"author":1,"featured_media":897,"comment_status":"open","ping_status":"open","sticky":false,"template":"","format":"standard","meta":{"footnotes":""},"categories":[11],"tags":[49],"class_list":["post-889","post","type-post","status-publish","format-standard","has-post-thumbnail","hentry","category-congresos","tag-igor-perez-tostado","post-preview"],"_links":{"self":[{"href":"https:\/\/www.upo.es\/investiga\/limites-violencia\/en_en\/wp-json\/wp\/v2\/posts\/889","targetHints":{"allow":["GET"]}}],"collection":[{"href":"https:\/\/www.upo.es\/investiga\/limites-violencia\/en_en\/wp-json\/wp\/v2\/posts"}],"about":[{"href":"https:\/\/www.upo.es\/investiga\/limites-violencia\/en_en\/wp-json\/wp\/v2\/types\/post"}],"author":[{"embeddable":true,"href":"https:\/\/www.upo.es\/investiga\/limites-violencia\/en_en\/wp-json\/wp\/v2\/users\/1"}],"replies":[{"embeddable":true,"href":"https:\/\/www.upo.es\/investiga\/limites-violencia\/en_en\/wp-json\/wp\/v2\/comments?post=889"}],"version-history":[{"count":2,"href":"https:\/\/www.upo.es\/investiga\/limites-violencia\/en_en\/wp-json\/wp\/v2\/posts\/889\/revisions"}],"predecessor-version":[{"id":891,"href":"https:\/\/www.upo.es\/investiga\/limites-violencia\/en_en\/wp-json\/wp\/v2\/posts\/889\/revisions\/891"}],"wp:featuredmedia":[{"embeddable":true,"href":"https:\/\/www.upo.es\/investiga\/limites-violencia\/en_en\/wp-json\/wp\/v2\/media\/897"}],"wp:attachment":[{"href":"https:\/\/www.upo.es\/investiga\/limites-violencia\/en_en\/wp-json\/wp\/v2\/media?parent=889"}],"wp:term":[{"taxonomy":"category","embeddable":true,"href":"https:\/\/www.upo.es\/investiga\/limites-violencia\/en_en\/wp-json\/wp\/v2\/categories?post=889"},{"taxonomy":"post_tag","embeddable":true,"href":"https:\/\/www.upo.es\/investiga\/limites-violencia\/en_en\/wp-json\/wp\/v2\/tags?post=889"}],"curies":[{"name":"wp","href":"https:\/\/api.w.org\/{rel}","templated":true}]}}