{"id":937,"date":"2026-03-10T21:28:31","date_gmt":"2026-03-10T21:28:31","guid":{"rendered":"https:\/\/www.upo.es\/investiga\/limites-violencia\/?p=937"},"modified":"2026-03-10T21:28:32","modified_gmt":"2026-03-10T21:28:32","slug":"participacion-del-proyecto-en-los-limites-de-la-violencia-en-las-jornadas-de-relaciones-internacionales-urjc","status":"publish","type":"post","link":"https:\/\/www.upo.es\/investiga\/limites-violencia\/en_en\/participacion-del-proyecto-en-los-limites-de-la-violencia-en-las-jornadas-de-relaciones-internacionales-urjc\/","title":{"rendered":"Participaci\u00f3n del proyecto\u00a0En los l\u00edmites de la violencia\u00a0en las Jornadas de Relaciones Internacionales URJC"},"content":{"rendered":"<p>La historia de los genocidios y de la violencia extrema ser\u00e1 uno de los temas abordados en las Jornadas de Relaciones Internacionales URJC, que se celebrar\u00e1n los d\u00edas 10, 11, 12 y 13 de marzo de 2026 en el Sal\u00f3n de Actos del Campus de Fuenlabrada de la Universidad Rey Juan Carlos.<\/p>\n\n\n\n<p>Este encuentro re\u00fane a especialistas de distintos \u00e1mbitos \u2014investigadores, juristas, analistas y expertos en geopol\u00edtica\u2014 con el objetivo de acercar al estudiantado universitario debates fundamentales sobre la realidad internacional contempor\u00e1nea, promoviendo el di\u00e1logo interdisciplinar en torno a cuestiones clave como los conflictos internacionales, los derechos humanos o las din\u00e1micas geopol\u00edticas globales.<\/p>\n\n\n\n<p>En este marco, Igor P\u00e9rez Tostado (Universidad Pablo de Olavide) participar\u00e1 el 12 de marzo, de 17:00 a 18:30, en una mesa dedicada al an\u00e1lisis de los procesos de genocidio en \u00c1frica desde perspectivas hist\u00f3rica, geopol\u00edtica y jur\u00eddica. La intervenci\u00f3n abrir\u00e1 el panel con una exposici\u00f3n de aproximadamente veinte minutos centrada en la dimensi\u00f3n hist\u00f3rica del genocidio en el continente africano.<\/p>\n\n\n\n<p>Este enfoque conecta directamente con las l\u00edneas de investigaci\u00f3n del proyecto En los l\u00edmites de la violencia III: la violencia lenta en los tiempos modernos, que estudia c\u00f3mo distintas formas de violencia contribuyeron a configurar procesos prolongados de destrucci\u00f3n social y desarticulaci\u00f3n de comunidades en el contexto de la expansi\u00f3n global de los imperios europeos.<\/p>\n\n\n\n<p>M\u00e1s informaci\u00f3n sobre las jornadas:<br>https:\/\/jornadasrrii.com\/<\/p>\n\n\n\n<p><\/p>","protected":false},"excerpt":{"rendered":"<p>La historia de los genocidios y de la violencia extrema ser\u00e1 uno de los temas abordados en las Jornadas de Relaciones Internacionales URJC, que se celebrar\u00e1n los d\u00edas 10, 11, 12 y 13 de marzo de 2026 en el Sal\u00f3n de Actos del Campus de Fuenlabrada de la Universidad Rey Juan Carlos. Este encuentro re\u00fane [&hellip;]<\/p>","protected":false},"author":1,"featured_media":938,"comment_status":"open","ping_status":"open","sticky":false,"template":"","format":"standard","meta":{"footnotes":""},"categories":[33,100,34],"tags":[145,151,150,121,7,149,144,152,148,147,146],"class_list":["post-937","post","type-post","status-publish","format-standard","has-post-thumbnail","hentry","category-actividades","category-divulgacion","category-eventos","tag-africa","tag-canarias","tag-congo","tag-en-los-limites-de-la-violencia-iii","tag-genocidio","tag-herero-y-nama","tag-historia-del-genocidio","tag-historia-global","tag-imperios-europeos","tag-violencia-colonial","tag-violencia-extrema","post-preview"],"_links":{"self":[{"href":"https:\/\/www.upo.es\/investiga\/limites-violencia\/en_en\/wp-json\/wp\/v2\/posts\/937","targetHints":{"allow":["GET"]}}],"collection":[{"href":"https:\/\/www.upo.es\/investiga\/limites-violencia\/en_en\/wp-json\/wp\/v2\/posts"}],"about":[{"href":"https:\/\/www.upo.es\/investiga\/limites-violencia\/en_en\/wp-json\/wp\/v2\/types\/post"}],"author":[{"embeddable":true,"href":"https:\/\/www.upo.es\/investiga\/limites-violencia\/en_en\/wp-json\/wp\/v2\/users\/1"}],"replies":[{"embeddable":true,"href":"https:\/\/www.upo.es\/investiga\/limites-violencia\/en_en\/wp-json\/wp\/v2\/comments?post=937"}],"version-history":[{"count":1,"href":"https:\/\/www.upo.es\/investiga\/limites-violencia\/en_en\/wp-json\/wp\/v2\/posts\/937\/revisions"}],"predecessor-version":[{"id":939,"href":"https:\/\/www.upo.es\/investiga\/limites-violencia\/en_en\/wp-json\/wp\/v2\/posts\/937\/revisions\/939"}],"wp:featuredmedia":[{"embeddable":true,"href":"https:\/\/www.upo.es\/investiga\/limites-violencia\/en_en\/wp-json\/wp\/v2\/media\/938"}],"wp:attachment":[{"href":"https:\/\/www.upo.es\/investiga\/limites-violencia\/en_en\/wp-json\/wp\/v2\/media?parent=937"}],"wp:term":[{"taxonomy":"category","embeddable":true,"href":"https:\/\/www.upo.es\/investiga\/limites-violencia\/en_en\/wp-json\/wp\/v2\/categories?post=937"},{"taxonomy":"post_tag","embeddable":true,"href":"https:\/\/www.upo.es\/investiga\/limites-violencia\/en_en\/wp-json\/wp\/v2\/tags?post=937"}],"curies":[{"name":"wp","href":"https:\/\/api.w.org\/{rel}","templated":true}]}}