{"id":261,"date":"2018-10-01T06:36:56","date_gmt":"2018-10-01T06:36:56","guid":{"rendered":"https:\/\/www.upo.es\/investiga\/limites-violencia\/?p=261"},"modified":"2018-10-01T06:38:53","modified_gmt":"2018-10-01T06:38:53","slug":"22-09-2018-la-upo-participa-en-el-encuentro-cultural-salento-andalucia-en-el-centro-civico-la-buhaira-organizado-por-la-universidad-pablo-de-olavide-el-centro-culturale-italiano-y-e","status":"publish","type":"post","link":"https:\/\/www.upo.es\/investiga\/limites-violencia\/22-09-2018-la-upo-participa-en-el-encuentro-cultural-salento-andalucia-en-el-centro-civico-la-buhaira-organizado-por-la-universidad-pablo-de-olavide-el-centro-culturale-italiano-y-e\/","title":{"rendered":"22\/09\/2018 La UPO participa en el Encuentro Cultural \u201cSalento-Andaluc\u00eda\u201d en el Centro C\u00edvico La Buhaira Organizado por la Universidad Pablo de Olavide, el Centro Culturale Italiano y el Istituto di Cultura Salentina"},"content":{"rendered":"<p>El Vicerrectorado de Relaciones Institucionales de la Universidad Pablo de Olavide, el Centro Culturale Italiano (CCI) y el Istituto di Cultura Salentina (ICS) han organizado \u201cSalento \u2013 Andaluc\u00eda: Un encuentro de culturas\u201d en el Centro C\u00edvico La Buhaira (Parque Jardines de La Buhaira, s\/n). El acto ha estado presidido por\u00a0<b>Marina Sciarretta<\/b>, directora del CCI;\u00a0<b>Myriam D\u00edaz Rodr\u00edguez<\/b>, delegada de Igualdad, Juventud y Relaciones con la Comunidad Universitaria del Ayuntamiento de Sevilla;\u00a0<b>Pilar Rodr\u00edguez Reina<\/b>, vicerrectora de Relaciones Institucionales de la UPO; y\u00a0<b>Annalaura Giannelli<\/b>, presidenta del ICS.<\/p>\n<div class=\"entry clearfloat\">\n<p>Esta iniciativa nace de un acuerdo de colaboraci\u00f3n firmado en 2016 entre el CCI de Sevilla y el ICS con el prop\u00f3sito de crear un puente intercultural entre Italia y Espa\u00f1a y, en particular, entre Andaluc\u00eda y Salento, regi\u00f3n de la pen\u00ednsula italiana entre los mares J\u00f3nico y Adri\u00e1tico que ocupa la parte m\u00e1s meridional del tac\u00f3n de Italia, la Puglia.<\/p>\n<p>El encuentro ha contado con la participaci\u00f3n del escritor\u00a0<b>Angelo Donno<\/b>, que ha presentado su novela hist\u00f3rica \u201cL\u2019ultimo Re de Besa Editrice\u201d acompa\u00f1ado por el profesor de la UPO\u00a0<b>Igor P\u00e9rez Tostado<\/b>; el fot\u00f3grafo y director\u00a0<b>Aristide Mazzarella<\/b>, con el documental \u201cEl Parque Natural de Porto Selvaggio\u201d; y el productor y director cinematogr\u00e1fico\u00a0<b>Attilio de Razza<\/b>, con la comedia ambientada en el Salento \u201cVengo anch\u2019io\u201d. Por otra parte, la escritora\u00a0<b>Annalaura Giannelli<\/b>\u00a0ha presentado su nueva obra \u201cViaggio in ombra de Adda Editore\u201d acompa\u00f1ada por el pintor sevillano\u00a0<b>Jos\u00e9 Mar\u00eda Pe\u00f1a<\/b>\u00a0-autor de la imagen de la portada- y la profesora\u00a0<b>Pilar Rodr\u00edguez Reina<\/b>. Finalmente, se ha presentado el centro muse\u00edstico de Vaste (Poggiardo) con la presencia de su alcalde\u00a0<b>Giuseppe Colafati<\/b>\u00a0y del responsable para la Promoci\u00f3n Cultural del ICS\u00a0<b>Valentino Tarsilla<\/b>.<\/p>\n<p>El Polit\u00e9cnico del\u00a0<i>Made in Italy<\/i>\u00a0-instituto salentino para la alta formaci\u00f3n t\u00e9cnica y de gesti\u00f3n de los sectores m\u00e1s significativos del dise\u00f1o italiano- ha estado representado en su presidente, el empresario salentino\u00a0<b>Luciano Barbetta<\/b>\u00a0y su director\u00a0<b>Demetrio Manco<\/b>. Los estudiantes del Polit\u00e9cnico han realizado, para este evento, unos modelos de zapatos \u00fanicos y un video en el que se muestra el camino formativo\/profesional dentro de la escuela.<\/p>\n<p><a href=\"https:\/\/www.upo.es\/diario\/wp-content\/uploads\/2018\/09\/cartel_Salento.jpg\"><img loading=\"lazy\" decoding=\"async\" class=\"alignright size-medium wp-image-28342493\" src=\"https:\/\/www.upo.es\/diario\/wp-content\/uploads\/2018\/09\/cartel_Salento-226x320.jpg\" alt=\"cartel_Salento\" width=\"226\" height=\"320\" \/><\/a>El evento tambi\u00e9n ha contado con las expresiones art\u00edsticas m\u00e1s populares de cada una de estas regiones: la pizzica, con el grupo\u00a0<b>Quartieri Spagnoli<\/b>; y el flamenco con los estudiantes de quinto curso del\u00a0<b>Conservatorio Profesional de Danza de Sevilla Antonio Ruiz Soler<\/b>. Para clausurar el evento, la salentina afincada en Sevilla\u00a0<b>Viviana Merola<\/b>\u00a0ha declamado algunos versos del poeta Cosimo Russo, de la antolog\u00eda \u201cPer poco tempo\u201d de Manni Editore y el ICS ha entregado su primer\u00a0<b>Premio Internacional<\/b>. Igualmente, el p\u00fablico asistente ha tenido ocasi\u00f3n de degustar algunas especialidades de las dos regiones.<\/p>\n<p>\u201cCreemos profundamente en la importancia de estrechar lazos entre culturas\u201d \u2013 ha afirmado la directora del CCI Marina Sciarretta-. \u201cItalia tiene mucho en com\u00fan con Espa\u00f1a pero gran parte de nuestro pa\u00eds y sus tesoros hist\u00f3ricos, art\u00edsticos y naturales son a\u00fan poco conocidos. Es el caso del Salento. Iniciativas como este encuentro, fruto del esfuerzo y de la colaboraci\u00f3n entre varias instituciones p\u00fablicas y privadas, nos ayudan a difundir nuestra cultura, a conocernos, a compartir experiencias y costumbres y a descubrir lugares maravillosos\u201d.<\/p>\n<p>Durante su estancia en Sevilla, la delegaci\u00f3n del Salento realizar\u00e1 una visita institucional al Ayuntamiento de Sevilla, a la sede de la Universidad Pablo de Olavide en Carmona y a la Fundaci\u00f3n Tres Culturas.<\/p>\n<p>\u201cSalento-Andaluc\u00eda: Un encuentro de culturas\u201d ha contado con la colaboraci\u00f3n del Ayuntamiento de Sevilla, el ISTRAD (Instituto Superior de Estudios Ling\u00fc\u00edsticos y Traducci\u00f3n) y la Fundaci\u00f3n Tres Culturas.<\/p>\n<\/div>\n","protected":false},"excerpt":{"rendered":"<p>El Vicerrectorado de Relaciones Institucionales de la Universidad Pablo de Olavide, el Centro Culturale Italiano (CCI) y el Istituto di Cultura Salentina (ICS) han organizado \u201cSalento \u2013 Andaluc\u00eda: Un encuentro de culturas\u201d en el Centro C\u00edvico La Buhaira (Parque Jardines de La Buhaira, s\/n). El acto ha estado presidido por\u00a0Marina Sciarretta, directora del CCI;\u00a0Myriam D\u00edaz [&hellip;]<\/p>\n","protected":false},"author":1,"featured_media":262,"comment_status":"open","ping_status":"open","sticky":false,"template":"","format":"standard","meta":{"footnotes":""},"categories":[11,34],"tags":[40,41,38,35,39,42,36,37],"class_list":["post-261","post","type-post","status-publish","format-standard","has-post-thumbnail","hentry","category-congresos","category-eventos","tag-22-de-septiembre","tag-centro-civico","tag-centro-culturale-italiano","tag-encuentro-cultural","tag-istituto-de-cultura-salentina","tag-la-buhaira","tag-salento-andalucia","tag-upo","post-preview"],"_links":{"self":[{"href":"https:\/\/www.upo.es\/investiga\/limites-violencia\/wp-json\/wp\/v2\/posts\/261","targetHints":{"allow":["GET"]}}],"collection":[{"href":"https:\/\/www.upo.es\/investiga\/limites-violencia\/wp-json\/wp\/v2\/posts"}],"about":[{"href":"https:\/\/www.upo.es\/investiga\/limites-violencia\/wp-json\/wp\/v2\/types\/post"}],"author":[{"embeddable":true,"href":"https:\/\/www.upo.es\/investiga\/limites-violencia\/wp-json\/wp\/v2\/users\/1"}],"replies":[{"embeddable":true,"href":"https:\/\/www.upo.es\/investiga\/limites-violencia\/wp-json\/wp\/v2\/comments?post=261"}],"version-history":[{"count":1,"href":"https:\/\/www.upo.es\/investiga\/limites-violencia\/wp-json\/wp\/v2\/posts\/261\/revisions"}],"predecessor-version":[{"id":263,"href":"https:\/\/www.upo.es\/investiga\/limites-violencia\/wp-json\/wp\/v2\/posts\/261\/revisions\/263"}],"wp:featuredmedia":[{"embeddable":true,"href":"https:\/\/www.upo.es\/investiga\/limites-violencia\/wp-json\/wp\/v2\/media\/262"}],"wp:attachment":[{"href":"https:\/\/www.upo.es\/investiga\/limites-violencia\/wp-json\/wp\/v2\/media?parent=261"}],"wp:term":[{"taxonomy":"category","embeddable":true,"href":"https:\/\/www.upo.es\/investiga\/limites-violencia\/wp-json\/wp\/v2\/categories?post=261"},{"taxonomy":"post_tag","embeddable":true,"href":"https:\/\/www.upo.es\/investiga\/limites-violencia\/wp-json\/wp\/v2\/tags?post=261"}],"curies":[{"name":"wp","href":"https:\/\/api.w.org\/{rel}","templated":true}]}}