{"id":553,"date":"2021-09-29T08:52:18","date_gmt":"2021-09-29T08:52:18","guid":{"rendered":"https:\/\/www.upo.es\/investiga\/limites-violencia\/?p=553"},"modified":"2021-09-29T08:52:18","modified_gmt":"2021-09-29T08:52:18","slug":"ya-disponible-el-prpgrama-del-seminario-internacional-collective-violence-and-genocide-v-connections-and-comparisons","status":"publish","type":"post","link":"https:\/\/www.upo.es\/investiga\/limites-violencia\/ya-disponible-el-prpgrama-del-seminario-internacional-collective-violence-and-genocide-v-connections-and-comparisons\/","title":{"rendered":"Seminario Internacional \u00abCollective Violence and Genocide V: Connections and Comparisons\u00bb"},"content":{"rendered":"\n<p>El pr\u00f3ximo 30 de septiembre dar\u00e1 comienzo el Seminario Internacional \u00abCollective&nbsp;Violence&nbsp;and&nbsp;Genocide&nbsp;V:&nbsp;Connections&nbsp;and&nbsp;Comparisons\u00bb. Esta quinta edici\u00f3n, que contar\u00e1 con dos sesiones, la primera el d\u00eda 30 de septiembre y la segunda el 1 de octubre, se centrar\u00e1 en la historia comparada y conectada de la violencia colectiva y el genocidio en diversas partes del mundo, tanto en \u00e9poca moderna como contempor\u00e1nea.<\/p>\n\n\n\n<p>El seminario busca reflexionar, de manera amplia, sobre el lugar del genocidio en \u00e9poca moderna y su historiograf\u00eda, a trav\u00e9s del estudio conectado y comparado de casos espec\u00edficos de violencia extrema. Para ello es necesario dialogar con otras disciplinas y desarrollar nuevas metodolog\u00edas.<\/p>\n\n\n\n<p>El objetivo de estudiar las conexiones y comparaciones entre varios casos de destrucci\u00f3n de grupos no pretende encontrar una explicaci\u00f3n causal com\u00fan, sino ampliar la comprensi\u00f3n de cada uno de los casos estudiados, captando tanto los elementos que los hacen \u00fanicos, como los puntos de conexi\u00f3n que vinculan, impl\u00edcita o expl\u00edcitamente, a los diferentes casos de estudio entre ellos. Para lograrlo, los participantes en el seminario se centrar\u00e1n en el estudio en profundidad de dimensiones espec\u00edficas dentro de la violencia colectiva o el proceso genocida que luego pueden compararse con otros casos, la conexi\u00f3n y desconexi\u00f3n entre los casos contempor\u00e1neos y las metodolog\u00edas m\u00e1s apropiadas para su estudio.<\/p>\n\n\n\n<p>El programa completo est\u00e1 disponible a trav\u00e9s de este  <a href=\"https:\/\/www.upo.es\/investiga\/limites-violencia\/wp-content\/uploads\/2021\/09\/Programa-Seminario-Violencia.pdf\">enlace<\/a>, donde se accede a la sesi\u00f3n <em>online<\/em> a trav\u00e9s de la plataforma <a href=\"https:\/\/us06web.zoom.us\/s\/89218216509?pwd=NjM3RmdvcDVSeXhSYXgzN0hrZyt6QT09#success\">Zoom<\/a> sin necesidad de inscripci\u00f3n previa.<\/p>\n\n\n\n<p><\/p>\n\n\n\n<div class=\"wp-block-file\"><a href=\"https:\/\/www.upo.es\/investiga\/limites-violencia\/wp-content\/uploads\/2021\/09\/Programa-Seminario-Violencia.pdf\">Programa-Seminario-Violencia<\/a><a href=\"https:\/\/www.upo.es\/investiga\/limites-violencia\/wp-content\/uploads\/2021\/09\/Programa-Seminario-Violencia.pdf\" class=\"wp-block-file__button\" download>Descarga<\/a><\/div>\n","protected":false},"excerpt":{"rendered":"<p>El pr\u00f3ximo 30 de septiembre dar\u00e1 comienzo el Seminario Internacional \u00abCollective&nbsp;Violence&nbsp;and&nbsp;Genocide&nbsp;V:&nbsp;Connections&nbsp;and&nbsp;Comparisons\u00bb. Esta quinta edici\u00f3n, que contar\u00e1 con dos sesiones, la primera el d\u00eda 30 de septiembre y la segunda el 1 de octubre, se centrar\u00e1 en la historia comparada y conectada de la violencia colectiva y el genocidio en diversas partes del mundo, tanto en [&hellip;]<\/p>\n","protected":false},"author":1,"featured_media":554,"comment_status":"open","ping_status":"open","sticky":false,"template":"","format":"standard","meta":{"footnotes":""},"categories":[11],"tags":[],"class_list":["post-553","post","type-post","status-publish","format-standard","has-post-thumbnail","hentry","category-congresos","post-preview"],"_links":{"self":[{"href":"https:\/\/www.upo.es\/investiga\/limites-violencia\/wp-json\/wp\/v2\/posts\/553","targetHints":{"allow":["GET"]}}],"collection":[{"href":"https:\/\/www.upo.es\/investiga\/limites-violencia\/wp-json\/wp\/v2\/posts"}],"about":[{"href":"https:\/\/www.upo.es\/investiga\/limites-violencia\/wp-json\/wp\/v2\/types\/post"}],"author":[{"embeddable":true,"href":"https:\/\/www.upo.es\/investiga\/limites-violencia\/wp-json\/wp\/v2\/users\/1"}],"replies":[{"embeddable":true,"href":"https:\/\/www.upo.es\/investiga\/limites-violencia\/wp-json\/wp\/v2\/comments?post=553"}],"version-history":[{"count":9,"href":"https:\/\/www.upo.es\/investiga\/limites-violencia\/wp-json\/wp\/v2\/posts\/553\/revisions"}],"predecessor-version":[{"id":573,"href":"https:\/\/www.upo.es\/investiga\/limites-violencia\/wp-json\/wp\/v2\/posts\/553\/revisions\/573"}],"wp:featuredmedia":[{"embeddable":true,"href":"https:\/\/www.upo.es\/investiga\/limites-violencia\/wp-json\/wp\/v2\/media\/554"}],"wp:attachment":[{"href":"https:\/\/www.upo.es\/investiga\/limites-violencia\/wp-json\/wp\/v2\/media?parent=553"}],"wp:term":[{"taxonomy":"category","embeddable":true,"href":"https:\/\/www.upo.es\/investiga\/limites-violencia\/wp-json\/wp\/v2\/categories?post=553"},{"taxonomy":"post_tag","embeddable":true,"href":"https:\/\/www.upo.es\/investiga\/limites-violencia\/wp-json\/wp\/v2\/tags?post=553"}],"curies":[{"name":"wp","href":"https:\/\/api.w.org\/{rel}","templated":true}]}}