{"id":607,"date":"2022-07-06T13:19:09","date_gmt":"2022-07-06T13:19:09","guid":{"rendered":"https:\/\/www.upo.es\/investiga\/limites-violencia\/?p=607"},"modified":"2022-07-06T13:19:50","modified_gmt":"2022-07-06T13:19:50","slug":"participacion-de-igor-perez-y-matteo-binasco-en-la-conferencia-wild-geese-irish-migrants-in-early-modern-europe-conference-los-proximos-15-y-16-de-julio-en-limerick","status":"publish","type":"post","link":"https:\/\/www.upo.es\/investiga\/limites-violencia\/participacion-de-igor-perez-y-matteo-binasco-en-la-conferencia-wild-geese-irish-migrants-in-early-modern-europe-conference-los-proximos-15-y-16-de-julio-en-limerick\/","title":{"rendered":"Participaci\u00f3n de Igor P\u00e9rez y Matteo Binasco en la conferencia \u00abWild Geese: Irish Migrants in Early Modern Europe Conference\u00bb los pr\u00f3ximos 15 y 16 de julio en Limerick"},"content":{"rendered":"\n<p>Los investigadores Igor P\u00e9rez y Matteo Binasco, miembros del proyecto \u00abEn los l\u00edmites de la violencia II\u00bb, participan en la \u00abWild Geese: Irish Migrants in Early Modern Europe Conference\u00bb, un ciclo de conferencias organizado dentro del Limerick Bastille Day los pr\u00f3ximos 15 y de 16 de julio de 2022, en Limerick (Irlanda).<\/p>\n\n\n\n<p>El evento, que nace con el \u00e1nimo de ahondar en los movimientos migratorios de la comunidad irlandesa durante los siglos XVI-XVIII, congrega a numerosos investigadores en Limerick que, repartidos en dos jornadas, presentar\u00e1n sus comunicaciones repartidos en varios paneles tem\u00e1ticos que analizan colectivos de la comunidad irlandesa y su relaci\u00f3n con los imperios del momento.<\/p>\n\n\n\n<p>Por su parte, el profesor&nbsp;<strong>Igor P\u00e9rez Tostado&nbsp;<\/strong>presentar\u00e1 la ponencia titulada&nbsp;<em><strong>Invisible lives: Irish experiences in the early modern Spanish Caribbean<\/strong><\/em>&nbsp;el viernes 15 de julio y el investigador&nbsp;<strong>Matteo Binasco&nbsp;<\/strong>intervendr\u00e1 el s\u00e1bado 16 de julio con la comunicaci\u00f3n<strong><em>&nbsp;The Hibernesi and the Urbs during the early-modern period: a contrasting relationship<\/em><\/strong>.<\/p>\n\n\n\n<p>Si desea m\u00e1s informaci\u00f3n, puede consultar el programa completo<a href=\"https:\/\/www.upo.es\/investiga\/globalhistory\/wp-content\/uploads\/2022\/07\/Wild-Geese-Conference-Programme-v8.pdf\">&nbsp;aqu\u00ed<\/a>&nbsp;y tambi\u00e9n puede visitar la&nbsp;<a href=\"https:\/\/wildgeese2022.wordpress.com\/\">web<\/a>&nbsp;dedicada al evento.<\/p>\n","protected":false},"excerpt":{"rendered":"<p>Los investigadores Igor P\u00e9rez y Matteo Binasco, miembros del proyecto \u00abEn los l\u00edmites de la violencia II\u00bb, participan en la \u00abWild Geese: Irish Migrants in Early Modern Europe Conference\u00bb, un ciclo de conferencias organizado dentro del Limerick Bastille Day los pr\u00f3ximos 15 y de 16 de julio de 2022, en Limerick (Irlanda). El evento, que [&hellip;]<\/p>\n","protected":false},"author":1,"featured_media":609,"comment_status":"open","ping_status":"open","sticky":false,"template":"","format":"standard","meta":{"footnotes":""},"categories":[33,11],"tags":[49,55,57],"class_list":["post-607","post","type-post","status-publish","format-standard","has-post-thumbnail","hentry","category-actividades","category-congresos","tag-igor-perez-tostado","tag-irish-in-the-iberian-atlantic","tag-matteo-binasco","post-preview"],"_links":{"self":[{"href":"https:\/\/www.upo.es\/investiga\/limites-violencia\/wp-json\/wp\/v2\/posts\/607","targetHints":{"allow":["GET"]}}],"collection":[{"href":"https:\/\/www.upo.es\/investiga\/limites-violencia\/wp-json\/wp\/v2\/posts"}],"about":[{"href":"https:\/\/www.upo.es\/investiga\/limites-violencia\/wp-json\/wp\/v2\/types\/post"}],"author":[{"embeddable":true,"href":"https:\/\/www.upo.es\/investiga\/limites-violencia\/wp-json\/wp\/v2\/users\/1"}],"replies":[{"embeddable":true,"href":"https:\/\/www.upo.es\/investiga\/limites-violencia\/wp-json\/wp\/v2\/comments?post=607"}],"version-history":[{"count":1,"href":"https:\/\/www.upo.es\/investiga\/limites-violencia\/wp-json\/wp\/v2\/posts\/607\/revisions"}],"predecessor-version":[{"id":610,"href":"https:\/\/www.upo.es\/investiga\/limites-violencia\/wp-json\/wp\/v2\/posts\/607\/revisions\/610"}],"wp:featuredmedia":[{"embeddable":true,"href":"https:\/\/www.upo.es\/investiga\/limites-violencia\/wp-json\/wp\/v2\/media\/609"}],"wp:attachment":[{"href":"https:\/\/www.upo.es\/investiga\/limites-violencia\/wp-json\/wp\/v2\/media?parent=607"}],"wp:term":[{"taxonomy":"category","embeddable":true,"href":"https:\/\/www.upo.es\/investiga\/limites-violencia\/wp-json\/wp\/v2\/categories?post=607"},{"taxonomy":"post_tag","embeddable":true,"href":"https:\/\/www.upo.es\/investiga\/limites-violencia\/wp-json\/wp\/v2\/tags?post=607"}],"curies":[{"name":"wp","href":"https:\/\/api.w.org\/{rel}","templated":true}]}}