{"id":697,"date":"2023-12-15T09:03:51","date_gmt":"2023-12-15T09:03:51","guid":{"rendered":"https:\/\/www.upo.es\/investiga\/limites-violencia\/?p=697"},"modified":"2023-12-15T09:05:18","modified_gmt":"2023-12-15T09:05:18","slug":"participacion-de-igor-perez-en-el-seminario-internacional-confrontacion-evangelizacion-y-cultura-politica-en-el-asia-iberica-en-la-edad-moderna","status":"publish","type":"post","link":"https:\/\/www.upo.es\/investiga\/limites-violencia\/participacion-de-igor-perez-en-el-seminario-internacional-confrontacion-evangelizacion-y-cultura-politica-en-el-asia-iberica-en-la-edad-moderna\/","title":{"rendered":"Participaci\u00f3n de Igor P\u00e9rez en el Seminario Internacional \u00abConfrontaci\u00f3n, evangelizaci\u00f3n y cultura pol\u00edtica en el Asia ib\u00e9rica en la Edad Moderna\u00bb"},"content":{"rendered":"\n<p>El pr\u00f3ximo mi\u00e9rcoles d\u00eda 20 de diciembre tendr\u00e1 lugar el Seminario Internacional \u00abConfrontaci\u00f3n, evangelizaci\u00f3n y cultura pol\u00edtica en el Asia ib\u00e9rica de la Edad Moderna\u00bb organizado por el proyecto \u00abEl sudeste asi\u00e1tico bajo la hegemon\u00eda ib\u00e9rica en el mundo, 1581-1668 (PID 2019-107430GB-100)\u00bb del Ministerio de Ciencia.<\/p>\n\n\n\n<p>El seminario, que se celebra presencialmente en Madrid, en el Aula 3.31 de la Facultad de Geograf\u00eda e Historia de la UNED, acoger\u00e1 a un total de siete expertos, entre los que est\u00e1 el profesor Igor P\u00e9rez, IP del proyecto \u00abEn los l\u00edmites de la violencia (III)\u00bb, y podr\u00e1 seguirse de manera exclusivamente presencial.<\/p>\n\n\n\n<p>Para m\u00e1s informaci\u00f3n, puede consultar el programa completo <a href=\"https:\/\/www.upo.es\/investiga\/limites-violencia\/wp-content\/uploads\/2023\/12\/Programa-seminario-IVV-f.pdf\">aqu\u00ed.<\/a> <\/p>\n\n\n\n<p><\/p>\n","protected":false},"excerpt":{"rendered":"<p>El pr\u00f3ximo mi\u00e9rcoles d\u00eda 20 de diciembre tendr\u00e1 lugar el Seminario Internacional \u00abConfrontaci\u00f3n, evangelizaci\u00f3n y cultura pol\u00edtica en el Asia ib\u00e9rica de la Edad Moderna\u00bb organizado por el proyecto \u00abEl sudeste asi\u00e1tico bajo la hegemon\u00eda ib\u00e9rica en el mundo, 1581-1668 (PID 2019-107430GB-100)\u00bb del Ministerio de Ciencia. El seminario, que se celebra presencialmente en Madrid, en [&hellip;]<\/p>\n","protected":false},"author":1,"featured_media":699,"comment_status":"open","ping_status":"open","sticky":false,"template":"","format":"standard","meta":{"footnotes":""},"categories":[1],"tags":[],"class_list":["post-697","post","type-post","status-publish","format-standard","has-post-thumbnail","hentry","category-sin-categoria","post-preview"],"_links":{"self":[{"href":"https:\/\/www.upo.es\/investiga\/limites-violencia\/wp-json\/wp\/v2\/posts\/697","targetHints":{"allow":["GET"]}}],"collection":[{"href":"https:\/\/www.upo.es\/investiga\/limites-violencia\/wp-json\/wp\/v2\/posts"}],"about":[{"href":"https:\/\/www.upo.es\/investiga\/limites-violencia\/wp-json\/wp\/v2\/types\/post"}],"author":[{"embeddable":true,"href":"https:\/\/www.upo.es\/investiga\/limites-violencia\/wp-json\/wp\/v2\/users\/1"}],"replies":[{"embeddable":true,"href":"https:\/\/www.upo.es\/investiga\/limites-violencia\/wp-json\/wp\/v2\/comments?post=697"}],"version-history":[{"count":2,"href":"https:\/\/www.upo.es\/investiga\/limites-violencia\/wp-json\/wp\/v2\/posts\/697\/revisions"}],"predecessor-version":[{"id":702,"href":"https:\/\/www.upo.es\/investiga\/limites-violencia\/wp-json\/wp\/v2\/posts\/697\/revisions\/702"}],"wp:featuredmedia":[{"embeddable":true,"href":"https:\/\/www.upo.es\/investiga\/limites-violencia\/wp-json\/wp\/v2\/media\/699"}],"wp:attachment":[{"href":"https:\/\/www.upo.es\/investiga\/limites-violencia\/wp-json\/wp\/v2\/media?parent=697"}],"wp:term":[{"taxonomy":"category","embeddable":true,"href":"https:\/\/www.upo.es\/investiga\/limites-violencia\/wp-json\/wp\/v2\/categories?post=697"},{"taxonomy":"post_tag","embeddable":true,"href":"https:\/\/www.upo.es\/investiga\/limites-violencia\/wp-json\/wp\/v2\/tags?post=697"}],"curies":[{"name":"wp","href":"https:\/\/api.w.org\/{rel}","templated":true}]}}