{"id":811,"date":"2024-11-19T08:51:46","date_gmt":"2024-11-19T08:51:46","guid":{"rendered":"https:\/\/www.upo.es\/investiga\/limites-violencia\/?p=811"},"modified":"2024-11-21T09:02:15","modified_gmt":"2024-11-21T09:02:15","slug":"participacion-de-igor-perez-en-el-coloquio-internacional-todos-fueron-hermanos-de-cervantes-las-formas-de-cautiverio-en-la-primera-edad-moderna-en-tunez-21-22-noviembre-2024","status":"publish","type":"post","link":"https:\/\/www.upo.es\/investiga\/limites-violencia\/participacion-de-igor-perez-en-el-coloquio-internacional-todos-fueron-hermanos-de-cervantes-las-formas-de-cautiverio-en-la-primera-edad-moderna-en-tunez-21-22-noviembre-2024\/","title":{"rendered":"Participaci\u00f3n de Igor P\u00e9rez en el Coloquio Internacional \u00abTodos fueron hermanos de Cervantes. Las formas de cautiverio en la Primera Edad Moderna\u00bb en T\u00fanez (21-22 noviembre 2024)"},"content":{"rendered":"\n<p>El Investigador Principal del proyecto, Igor P\u00e9rez, participa el d\u00eda 21 de noviembre en el  Coloquio Internacional \u00abTodos fueron hermanos de Cervantes. Las formas de cautiverio en la Primera Edad Moderna\u00bb en el Palacio de la Academia de Historia de T\u00fanez (T\u00fanez), y lo har\u00e1 con una ponencia titulada <em>Cautiverio, ciclos de violencia extrema y readaptaci\u00f3n de las relaciones inter\u00e9tnicas y coloniales en la Audiencia de Guadalajara en el siglo XVII<\/em>.<\/p>\n\n\n\n<p>Para m\u00e1s informaci\u00f3n, puede consultar el programa <a href=\"https:\/\/www.upo.es\/investiga\/limites-violencia\/wp-content\/uploads\/2024\/11\/Maquette-DEP-PROGRAMME-21-nov-espagne-1.pdf\">aqu\u00ed.<\/a><\/p>\n","protected":false},"excerpt":{"rendered":"<p>El Investigador Principal del proyecto, Igor P\u00e9rez, participa el d\u00eda 21 de noviembre en el Coloquio Internacional \u00abTodos fueron hermanos de Cervantes. Las formas de cautiverio en la Primera Edad Moderna\u00bb en el Palacio de la Academia de Historia de T\u00fanez (T\u00fanez), y lo har\u00e1 con una ponencia titulada Cautiverio, ciclos de violencia extrema y [&hellip;]<\/p>\n","protected":false},"author":1,"featured_media":813,"comment_status":"open","ping_status":"open","sticky":false,"template":"","format":"standard","meta":{"footnotes":""},"categories":[1],"tags":[],"class_list":["post-811","post","type-post","status-publish","format-standard","has-post-thumbnail","hentry","category-sin-categoria","post-preview"],"_links":{"self":[{"href":"https:\/\/www.upo.es\/investiga\/limites-violencia\/wp-json\/wp\/v2\/posts\/811","targetHints":{"allow":["GET"]}}],"collection":[{"href":"https:\/\/www.upo.es\/investiga\/limites-violencia\/wp-json\/wp\/v2\/posts"}],"about":[{"href":"https:\/\/www.upo.es\/investiga\/limites-violencia\/wp-json\/wp\/v2\/types\/post"}],"author":[{"embeddable":true,"href":"https:\/\/www.upo.es\/investiga\/limites-violencia\/wp-json\/wp\/v2\/users\/1"}],"replies":[{"embeddable":true,"href":"https:\/\/www.upo.es\/investiga\/limites-violencia\/wp-json\/wp\/v2\/comments?post=811"}],"version-history":[{"count":1,"href":"https:\/\/www.upo.es\/investiga\/limites-violencia\/wp-json\/wp\/v2\/posts\/811\/revisions"}],"predecessor-version":[{"id":814,"href":"https:\/\/www.upo.es\/investiga\/limites-violencia\/wp-json\/wp\/v2\/posts\/811\/revisions\/814"}],"wp:featuredmedia":[{"embeddable":true,"href":"https:\/\/www.upo.es\/investiga\/limites-violencia\/wp-json\/wp\/v2\/media\/813"}],"wp:attachment":[{"href":"https:\/\/www.upo.es\/investiga\/limites-violencia\/wp-json\/wp\/v2\/media?parent=811"}],"wp:term":[{"taxonomy":"category","embeddable":true,"href":"https:\/\/www.upo.es\/investiga\/limites-violencia\/wp-json\/wp\/v2\/categories?post=811"},{"taxonomy":"post_tag","embeddable":true,"href":"https:\/\/www.upo.es\/investiga\/limites-violencia\/wp-json\/wp\/v2\/tags?post=811"}],"curies":[{"name":"wp","href":"https:\/\/api.w.org\/{rel}","templated":true}]}}