{"id":824,"date":"2025-02-06T11:16:23","date_gmt":"2025-02-06T11:16:23","guid":{"rendered":"https:\/\/www.upo.es\/investiga\/limites-violencia\/?p=824"},"modified":"2025-02-06T11:19:30","modified_gmt":"2025-02-06T11:19:30","slug":"sesion-inaugural-del-seminario-internacional-permanente-cautiverio-y-violencia-en-los-mundos-ibericos","status":"publish","type":"post","link":"https:\/\/www.upo.es\/investiga\/limites-violencia\/sesion-inaugural-del-seminario-internacional-permanente-cautiverio-y-violencia-en-los-mundos-ibericos\/","title":{"rendered":"Sesi\u00f3n inaugural del\u00a0Seminario Internacional Permanente Cautiverio y Violencia en los Mundos Ib\u00e9ricos"},"content":{"rendered":"\n<p>La<strong> sesi\u00f3n inaugural de 2025<\/strong>&nbsp;del&nbsp;<strong>Seminario Internacional Permanente Cautiverio y Violencia en los Mundos Ib\u00e9ricos<\/strong>, que se celebrar\u00e1 el pr\u00f3ximo&nbsp;<strong>13 de febrero de 2025 a las 17:00 (CET, hora de Espa\u00f1a)<\/strong>&nbsp;a trav\u00e9s del siguiente enlace de&nbsp;<strong>Zoom<\/strong>: <a href=\"https:\/\/us06web.zoom.us\/j\/89039655412\">https:\/\/us06web.zoom.us\/j\/89039655412<\/a><\/p>\n\n\n\n<p>En esta ocasi\u00f3n, tendremos el placer de contar con&nbsp;<strong>Gra\u00e7a Almeida Borges<\/strong>, profesora de la&nbsp;<strong>Universidad Aut\u00f3noma de Lisboa<\/strong>, quien nos presentar\u00e1 su trabajo titulado:<\/p>\n\n\n\n<p><strong>\u201cAn Ocean of Violence: Eurasian Imperial Rivalries in the Indian Ocean World, (16th-17th Centuries)\u00bb<\/strong><\/p>\n\n\n\n<div data-wp-interactive=\"core\/file\" class=\"wp-block-file\"><object data-wp-bind--hidden=\"!state.hasPdfPreview\" hidden class=\"wp-block-file__embed\" data=\"https:\/\/www.upo.es\/investiga\/limites-violencia\/wp-content\/uploads\/2025\/02\/Cartel-CV-Graca-def.pdf\" type=\"application\/pdf\" style=\"width:100%;height:600px\" aria-label=\"Incrustado de Cartel-CV-Graca-def.\"><\/object><a id=\"wp-block-file--media-ef01a31d-9740-41ff-bc63-b14327c7c58e\" href=\"https:\/\/www.upo.es\/investiga\/limites-violencia\/wp-content\/uploads\/2025\/02\/Cartel-CV-Graca-def.pdf\">Cartel-CV-Graca-def<\/a><a href=\"https:\/\/www.upo.es\/investiga\/limites-violencia\/wp-content\/uploads\/2025\/02\/Cartel-CV-Graca-def.pdf\" class=\"wp-block-file__button wp-element-button\" download aria-describedby=\"wp-block-file--media-ef01a31d-9740-41ff-bc63-b14327c7c58e\">Descarga<\/a><\/div>\n","protected":false},"excerpt":{"rendered":"<p>La sesi\u00f3n inaugural de 2025&nbsp;del&nbsp;Seminario Internacional Permanente Cautiverio y Violencia en los Mundos Ib\u00e9ricos, que se celebrar\u00e1 el pr\u00f3ximo&nbsp;13 de febrero de 2025 a las 17:00 (CET, hora de Espa\u00f1a)&nbsp;a trav\u00e9s del siguiente enlace de&nbsp;Zoom: https:\/\/us06web.zoom.us\/j\/89039655412 En esta ocasi\u00f3n, tendremos el placer de contar con&nbsp;Gra\u00e7a Almeida Borges, profesora de la&nbsp;Universidad Aut\u00f3noma de Lisboa, quien nos [&hellip;]<\/p>\n","protected":false},"author":1,"featured_media":825,"comment_status":"open","ping_status":"open","sticky":false,"template":"","format":"standard","meta":{"footnotes":""},"categories":[1],"tags":[96,95],"class_list":["post-824","post","type-post","status-publish","format-standard","has-post-thumbnail","hentry","category-sin-categoria","tag-graca-almeida-borges","tag-seminario-violencia-y-cautiverio","post-preview"],"_links":{"self":[{"href":"https:\/\/www.upo.es\/investiga\/limites-violencia\/wp-json\/wp\/v2\/posts\/824","targetHints":{"allow":["GET"]}}],"collection":[{"href":"https:\/\/www.upo.es\/investiga\/limites-violencia\/wp-json\/wp\/v2\/posts"}],"about":[{"href":"https:\/\/www.upo.es\/investiga\/limites-violencia\/wp-json\/wp\/v2\/types\/post"}],"author":[{"embeddable":true,"href":"https:\/\/www.upo.es\/investiga\/limites-violencia\/wp-json\/wp\/v2\/users\/1"}],"replies":[{"embeddable":true,"href":"https:\/\/www.upo.es\/investiga\/limites-violencia\/wp-json\/wp\/v2\/comments?post=824"}],"version-history":[{"count":2,"href":"https:\/\/www.upo.es\/investiga\/limites-violencia\/wp-json\/wp\/v2\/posts\/824\/revisions"}],"predecessor-version":[{"id":828,"href":"https:\/\/www.upo.es\/investiga\/limites-violencia\/wp-json\/wp\/v2\/posts\/824\/revisions\/828"}],"wp:featuredmedia":[{"embeddable":true,"href":"https:\/\/www.upo.es\/investiga\/limites-violencia\/wp-json\/wp\/v2\/media\/825"}],"wp:attachment":[{"href":"https:\/\/www.upo.es\/investiga\/limites-violencia\/wp-json\/wp\/v2\/media?parent=824"}],"wp:term":[{"taxonomy":"category","embeddable":true,"href":"https:\/\/www.upo.es\/investiga\/limites-violencia\/wp-json\/wp\/v2\/categories?post=824"},{"taxonomy":"post_tag","embeddable":true,"href":"https:\/\/www.upo.es\/investiga\/limites-violencia\/wp-json\/wp\/v2\/tags?post=824"}],"curies":[{"name":"wp","href":"https:\/\/api.w.org\/{rel}","templated":true}]}}