{"id":830,"date":"2025-02-19T15:02:01","date_gmt":"2025-02-19T15:02:01","guid":{"rendered":"https:\/\/www.upo.es\/investiga\/limites-violencia\/?p=830"},"modified":"2025-02-26T13:19:14","modified_gmt":"2025-02-26T13:19:14","slug":"jose-miguel-escribano-y-jose-javier-ruiz-ibanez-participan-en-el-congreso-de-pavia-a-breda","status":"publish","type":"post","link":"https:\/\/www.upo.es\/investiga\/limites-violencia\/jose-miguel-escribano-y-jose-javier-ruiz-ibanez-participan-en-el-congreso-de-pavia-a-breda\/","title":{"rendered":"Jos\u00e9 Miguel Escribano y Jos\u00e9 Javier Ruiz Ib\u00e1\u00f1ez participan en el congreso \u00abDe Pav\u00eda a Breda\u00bb"},"content":{"rendered":"\n<p>Jos\u00e9 Miguel Escribano, miembro del proyecto En los l\u00edmites de la violencia, y Jos\u00e9 Javier Ruiz Ib\u00e1\u00f1ez, investigador principal del proyecto coordinador Hispanofilia, participan en el congreso \u00abDe Pav\u00eda a Breda, 1525-1625. Guerra, diplomacia y fe en una Europa en expansi\u00f3n\u00bb, que tendr\u00e1 lugar los d\u00edas 24 y 25 de febrero de 2025 en la Universidad Carlos III de Madrid. La ponencia de Jos\u00e9 Miguel Escribano lleva por t\u00edtulo \u201cMoriscos en los ej\u00e9rcitos del Rey Cat\u00f3lico (siglos XVI y XVII)\u201d y la de Jos\u00e9 Javier Ruiz Ib\u00e1\u00f1ez \u201cAmenazando naufragio y haciendo poco menos que milagros: la campa\u00f1a de 1595\u201d. Puede consultarse m\u00e1s informaci\u00f3n sobre el encuentro y el programa completo en la web de <a href=\"https:\/\/paviabreda.com\">Proyecto Europa<\/a>.<\/p>\n\n\n\n<figure class=\"wp-block-image size-large\"><img loading=\"lazy\" decoding=\"async\" width=\"1024\" height=\"461\" src=\"https:\/\/www.upo.es\/investiga\/limites-violencia\/wp-content\/uploads\/2025\/02\/WhatsApp-Image-2025-02-25-at-17.27.31-2-1024x461.jpeg\" alt=\"\" class=\"wp-image-835\" srcset=\"https:\/\/www.upo.es\/investiga\/limites-violencia\/wp-content\/uploads\/2025\/02\/WhatsApp-Image-2025-02-25-at-17.27.31-2-1024x461.jpeg 1024w, https:\/\/www.upo.es\/investiga\/limites-violencia\/wp-content\/uploads\/2025\/02\/WhatsApp-Image-2025-02-25-at-17.27.31-2-300x135.jpeg 300w, https:\/\/www.upo.es\/investiga\/limites-violencia\/wp-content\/uploads\/2025\/02\/WhatsApp-Image-2025-02-25-at-17.27.31-2-768x346.jpeg 768w, https:\/\/www.upo.es\/investiga\/limites-violencia\/wp-content\/uploads\/2025\/02\/WhatsApp-Image-2025-02-25-at-17.27.31-2-1536x692.jpeg 1536w, https:\/\/www.upo.es\/investiga\/limites-violencia\/wp-content\/uploads\/2025\/02\/WhatsApp-Image-2025-02-25-at-17.27.31-2-18x8.jpeg 18w, https:\/\/www.upo.es\/investiga\/limites-violencia\/wp-content\/uploads\/2025\/02\/WhatsApp-Image-2025-02-25-at-17.27.31-2-676x305.jpeg 676w, https:\/\/www.upo.es\/investiga\/limites-violencia\/wp-content\/uploads\/2025\/02\/WhatsApp-Image-2025-02-25-at-17.27.31-2.jpeg 1600w\" sizes=\"auto, (max-width: 1024px) 100vw, 1024px\" \/><\/figure>\n","protected":false},"excerpt":{"rendered":"<p>Jos\u00e9 Miguel Escribano, miembro del proyecto En los l\u00edmites de la violencia, y Jos\u00e9 Javier Ruiz Ib\u00e1\u00f1ez, investigador principal del proyecto coordinador Hispanofilia, participan en el congreso \u00abDe Pav\u00eda a Breda, 1525-1625. Guerra, diplomacia y fe en una Europa en expansi\u00f3n\u00bb, que tendr\u00e1 lugar los d\u00edas 24 y 25 de febrero de 2025 en la [&hellip;]<\/p>\n","protected":false},"author":1,"featured_media":831,"comment_status":"open","ping_status":"open","sticky":false,"template":"","format":"standard","meta":{"footnotes":""},"categories":[33,11],"tags":[4,98,67,97,99],"class_list":["post-830","post","type-post","status-publish","format-standard","has-post-thumbnail","hentry","category-actividades","category-congresos","tag-congreso","tag-de-pavia-a-breda","tag-jose-javier-ruiz-ibanez","tag-jose-miguel-escribano-paez","tag-proyecto-europa","post-preview"],"_links":{"self":[{"href":"https:\/\/www.upo.es\/investiga\/limites-violencia\/wp-json\/wp\/v2\/posts\/830","targetHints":{"allow":["GET"]}}],"collection":[{"href":"https:\/\/www.upo.es\/investiga\/limites-violencia\/wp-json\/wp\/v2\/posts"}],"about":[{"href":"https:\/\/www.upo.es\/investiga\/limites-violencia\/wp-json\/wp\/v2\/types\/post"}],"author":[{"embeddable":true,"href":"https:\/\/www.upo.es\/investiga\/limites-violencia\/wp-json\/wp\/v2\/users\/1"}],"replies":[{"embeddable":true,"href":"https:\/\/www.upo.es\/investiga\/limites-violencia\/wp-json\/wp\/v2\/comments?post=830"}],"version-history":[{"count":4,"href":"https:\/\/www.upo.es\/investiga\/limites-violencia\/wp-json\/wp\/v2\/posts\/830\/revisions"}],"predecessor-version":[{"id":836,"href":"https:\/\/www.upo.es\/investiga\/limites-violencia\/wp-json\/wp\/v2\/posts\/830\/revisions\/836"}],"wp:featuredmedia":[{"embeddable":true,"href":"https:\/\/www.upo.es\/investiga\/limites-violencia\/wp-json\/wp\/v2\/media\/831"}],"wp:attachment":[{"href":"https:\/\/www.upo.es\/investiga\/limites-violencia\/wp-json\/wp\/v2\/media?parent=830"}],"wp:term":[{"taxonomy":"category","embeddable":true,"href":"https:\/\/www.upo.es\/investiga\/limites-violencia\/wp-json\/wp\/v2\/categories?post=830"},{"taxonomy":"post_tag","embeddable":true,"href":"https:\/\/www.upo.es\/investiga\/limites-violencia\/wp-json\/wp\/v2\/tags?post=830"}],"curies":[{"name":"wp","href":"https:\/\/api.w.org\/{rel}","templated":true}]}}