{"id":2530,"date":"2018-12-10T14:15:20","date_gmt":"2018-12-10T13:15:20","guid":{"rendered":"https:\/\/www.upo.es\/investiga\/ptyp\/?p=2530"},"modified":"2018-12-10T14:16:54","modified_gmt":"2018-12-10T13:16:54","slug":"agora-teresa-freixes-cataluna-espana-y-europa","status":"publish","type":"post","link":"https:\/\/www.upo.es\/investiga\/ptyp\/es\/agora-teresa-freixes-cataluna-espana-y-europa\/","title":{"rendered":"\u00c1gora Teresa Freixes &#8211; Catalu\u00f1a, Espa\u00f1a y Europa"},"content":{"rendered":"<p>La comisi\u00f3n acad\u00e9mica del Master Universitario Sociedad, Administraci\u00f3n y Pol\u00edtica (MUSAP, @musap_upo) se complace en invitarle a la lecci\u00f3n magistral titulada \u201cCatalu\u00f1a, Espa\u00f1a y Europa\u201d que impartir\u00e1 la Dra. D\u00aa. Teresa Freixes, Catedr\u00e1tica de derecho constitucional (Universidad Aut\u00f3noma de Barcelona), con motivo de su participaci\u00f3n en el \u00c1gora del Master Universitario Sociedad, Administraci\u00f3n y Pol\u00edtica<\/p>\n<p>&nbsp;<\/p>\n<p>El acto tendr\u00e1 lugar el\u00a0<strong>13 de diciembre (jueves)<\/strong>, \u00a0a las 17:30 horas, en el aula\u00a0<strong>B.04 del edificio 45,\u00a0<\/strong>Universidad Pablo de Olavide, Sevilla, Ctra. de Utrera, km.1 \u2013 41013 Sevilla<\/p>\n<p>&nbsp;<\/p>\n<p><img loading=\"lazy\" decoding=\"async\" class=\" wp-image-2531\" src=\"https:\/\/www.upo.es\/investiga\/ptyp\/wp-content\/uploads\/2018\/12\/Freixes-3-1-200x300.jpg\" alt=\"\" width=\"290\" height=\"434\" srcset=\"https:\/\/www.upo.es\/investiga\/ptyp\/wp-content\/uploads\/2018\/12\/Freixes-3-1-200x300.jpg 200w, https:\/\/www.upo.es\/investiga\/ptyp\/wp-content\/uploads\/2018\/12\/Freixes-3-1.jpg 600w\" sizes=\"auto, (max-width: 290px) 100vw, 290px\" \/><\/p>\n<p>&nbsp;<\/p>\n<p><strong>S\u00edntesis<\/strong>: Frente al escenario pol\u00edtico abierto en Catalu\u00f1a y sus repercusiones para la gobernanza en Espa\u00f1a, la ponencia reflexiona acerca de la situaci\u00f3n en Catalu\u00f1a del orden constitucional desde un punto de vista comparado europeo.<\/p>\n<p>&nbsp;<\/p>\n<p>Se ruega puntualidad. Los certificados de asistencia se solicitan al finalizar el acto.<\/p>\n","protected":false},"excerpt":{"rendered":"<p>La comisi\u00f3n acad\u00e9mica del Master Universitario Sociedad, Administraci\u00f3n y Pol\u00edtica (MUSAP, @musap_upo) se complace en invitarle a la lecci\u00f3n magistral titulada \u201cCatalu\u00f1a, Espa\u00f1a y Europa\u201d que impartir\u00e1 la Dra. D\u00aa. Teresa Freixes, Catedr\u00e1tica de derecho constitucional (Universidad Aut\u00f3noma de Barcelona), con motivo de su participaci\u00f3n en el \u00c1gora del Master Universitario Sociedad, Administraci\u00f3n y Pol\u00edtica [&hellip;]<\/p>\n","protected":false},"author":2,"featured_media":0,"comment_status":"closed","ping_status":"closed","sticky":false,"template":"","format":"standard","meta":{"footnotes":""},"categories":[7],"tags":[],"class_list":["post-2530","post","type-post","status-publish","format-standard","hentry","category-noticias"],"_links":{"self":[{"href":"https:\/\/www.upo.es\/investiga\/ptyp\/wp-json\/wp\/v2\/posts\/2530","targetHints":{"allow":["GET"]}}],"collection":[{"href":"https:\/\/www.upo.es\/investiga\/ptyp\/wp-json\/wp\/v2\/posts"}],"about":[{"href":"https:\/\/www.upo.es\/investiga\/ptyp\/wp-json\/wp\/v2\/types\/post"}],"author":[{"embeddable":true,"href":"https:\/\/www.upo.es\/investiga\/ptyp\/wp-json\/wp\/v2\/users\/2"}],"replies":[{"embeddable":true,"href":"https:\/\/www.upo.es\/investiga\/ptyp\/wp-json\/wp\/v2\/comments?post=2530"}],"version-history":[{"count":3,"href":"https:\/\/www.upo.es\/investiga\/ptyp\/wp-json\/wp\/v2\/posts\/2530\/revisions"}],"predecessor-version":[{"id":2534,"href":"https:\/\/www.upo.es\/investiga\/ptyp\/wp-json\/wp\/v2\/posts\/2530\/revisions\/2534"}],"wp:attachment":[{"href":"https:\/\/www.upo.es\/investiga\/ptyp\/wp-json\/wp\/v2\/media?parent=2530"}],"wp:term":[{"taxonomy":"category","embeddable":true,"href":"https:\/\/www.upo.es\/investiga\/ptyp\/wp-json\/wp\/v2\/categories?post=2530"},{"taxonomy":"post_tag","embeddable":true,"href":"https:\/\/www.upo.es\/investiga\/ptyp\/wp-json\/wp\/v2\/tags?post=2530"}],"curies":[{"name":"wp","href":"https:\/\/api.w.org\/{rel}","templated":true}]}}