{"id":3155,"date":"2021-07-14T10:50:05","date_gmt":"2021-07-14T08:50:05","guid":{"rendered":"https:\/\/www.upo.es\/investiga\/ptyp\/?p=3155"},"modified":"2021-07-14T10:59:09","modified_gmt":"2021-07-14T08:59:09","slug":"manuel-jimenez-sanchez-presenta-los-resultados-de-una-investigacion-sobre-el-dia-internacional-de-la-mujer-al-26o-congreso-mundial-de-ciencia-politica","status":"publish","type":"post","link":"https:\/\/www.upo.es\/investiga\/ptyp\/es\/manuel-jimenez-sanchez-presenta-los-resultados-de-una-investigacion-sobre-el-dia-internacional-de-la-mujer-al-26o-congreso-mundial-de-ciencia-politica\/","title":{"rendered":"Manuel Jim\u00e9nez S\u00e1nchez presenta los resultados de una investigaci\u00f3n sobre el D\u00eda Internacional de la Mujer al 26\u00ba Congreso Mundial de Ciencia Pol\u00edtica"},"content":{"rendered":"\n<p>El miembro y director del grupo de investigaci\u00f3n <strong><a href=\"https:\/\/www.upo.es\/investiga\/ptyp\/es\/inicio\/\"><span class=\"has-inline-color has-vivid-cyan-blue-color\">Pol\u00edtica, Territorio y Participaci\u00f3n<\/span><\/a><span class=\"has-inline-color has-vivid-cyan-blue-color\"><a href=\"https:\/\/www.upo.es\/investiga\/ptyp\/es\/inicio\/\"> <\/a><\/span><\/strong>de la Universidad Pablo de Olavide, <a href=\"https:\/\/www.upo.es\/investiga\/ptyp\/es\/researcher\/manuel-jimenez-sanchez\/\"><span class=\"has-inline-color has-vivid-cyan-blue-color\"><strong>Manuel Jim\u00e9nez S\u00e1nchez<\/strong><\/span><\/a>, ha presentado los resultados de una investigaci\u00f3n sobre el D\u00eda Internacional de la Mujer al IPSA, en el 26\u00ba Congreso Mundial de Ciencia pol\u00edtica, celebrado del 10 al 15 de julio de 2021.<\/p>\n\n\n\n<div style=\"height:16px\" aria-hidden=\"true\" class=\"wp-block-spacer\"><\/div>\n\n\n\n<p>El paper presentado al congreso se titula \u00abCapturing the transformative potential of protest events for the general public: the International Women&#8217;s Day 2019 in Spain\u00bb. Asimismo, junto a <a href=\"https:\/\/www.upo.es\/investiga\/ptyp\/es\/researcher\/manuel-jimenez-sanchez\/\"><span class=\"has-inline-color has-vivid-cyan-blue-color\"><strong>Manuel Jim\u00e9nez S\u00e1nchez<\/strong><\/span><\/a>, forman parte de la autor\u00eda los investigadores <strong><a href=\"https:\/\/www.upo.es\/investiga\/ptyp\/es\/researcher\/marta-fraile-maldonado\/\"><span class=\"has-inline-color has-vivid-cyan-blue-color\">Marta Farile<\/span><\/a> <\/strong>-Cient\u00edfica Titular en el Instituto de Pol\u00edticas y Bienes P\u00fablicos en el CSIC- y <a href=\"https:\/\/www.upo.es\/investiga\/ptyp\/es\/researcher\/josep-lobera\/\"><span class=\"has-inline-color has-vivid-cyan-blue-color\"><strong>Josep Lobrera<\/strong><\/span><\/a> -profesor de Sociolog\u00eda en la Universidad Aut\u00f3noma de Madrid y en Tufts University &amp; Skidmore College-, ambos miembros del equipo de investigaci\u00f3n del proyecto <a href=\"https:\/\/www.upo.es\/investiga\/ptyp\/es\/project\/proteica\/\" data-type=\"URL\" data-id=\"https:\/\/www.upo.es\/investiga\/ptyp\/es\/project\/proteica\/\"><span class=\"has-inline-color has-vivid-cyan-blue-color\"><strong>PROTEiCA<\/strong><\/span><\/a>.<\/p>\n\n\n\n<div style=\"height:16px\" aria-hidden=\"true\" class=\"wp-block-spacer\"><\/div>\n\n\n\n<p>La comunicaci\u00f3n fue presentada el d\u00eda 10 de julio de 2021 en el panel <a href=\"https:\/\/wc2021.ipsa.org\/wc\/panel\/social-dynamics-and-politics-new-social-movements-new-parties\"><span class=\"has-inline-color has-vivid-cyan-blue-color\"><strong>GS02.02 Social Dynamics and Politics &#8211; New Social Movements, New Parties<\/strong><\/span><\/a>. A continuaci\u00f3n les mostramos el v\u00eddeo de la misma.<\/p>\n\n\n\n<div style=\"height:32px\" aria-hidden=\"true\" class=\"wp-block-spacer\"><\/div>\n\n\n\n<figure class=\"wp-block-embed is-type-video is-provider-youtube wp-block-embed-youtube wp-embed-aspect-16-9 wp-has-aspect-ratio\"><div class=\"wp-block-embed__wrapper\">\n<iframe loading=\"lazy\" title=\"Comunicaci\u00f3n de Manuel Jim\u00e9nez al IPSA, 26\u00ba Congreso Mundial de Ciencia  Pol\u00edtica\" width=\"640\" height=\"360\" src=\"https:\/\/www.youtube.com\/embed\/AlDXc8UmnpU?feature=oembed\" frameborder=\"0\" allow=\"accelerometer; autoplay; clipboard-write; encrypted-media; gyroscope; picture-in-picture; web-share\" referrerpolicy=\"strict-origin-when-cross-origin\" allowfullscreen><\/iframe>\n<\/div><\/figure>\n\n\n\n<p>Finalmente, <a href=\"https:\/\/www.upo.es\/investiga\/ptyp\/es\/researcher\/elena-ferri\/\"><span class=\"has-inline-color has-vivid-cyan-blue-color\"><strong>Elena Ferri<\/strong><\/span><\/a> y <a href=\"https:\/\/www.upo.es\/investiga\/ptyp\/es\/researcher\/luis-navarro-ardoy\/\"><span class=\"has-inline-color has-vivid-cyan-blue-color\"><strong>Luis Navarro<\/strong><\/span><\/a>, miembros del equipo del proyecto <a href=\"https:\/\/www.upo.es\/investiga\/ptyp\/es\/project\/proteica\/\"><strong><span class=\"has-inline-color has-vivid-cyan-blue-color\">PROTEiCA<\/span><\/strong><\/a> y de la Universidad de Granada y de la Pablo de Olavide respectivamente, presentaron un paper titulado \u00abEmotions and Protest: A methodological Proposal to Identify and Categorize Feelings in 8M and Pensioner Protesters in Spain\u00bb, en la sesi\u00f3n <a href=\"https:\/\/wc2021.ipsa.org\/wc\/panel\/alternatives-forms-engagement-outcomes-and-methodological-issues\"><span class=\"has-inline-color has-vivid-cyan-blue-color\"><strong>Alternatives Forms of Engagement: Outcomes and Methodological Issues<\/strong><\/span><\/a>, celebrada el d\u00eda 12 de julio de 2021.<\/p>\n\n\n\n<p><\/p>\n","protected":false},"excerpt":{"rendered":"<p>El miembro y director del grupo de investigaci\u00f3n Pol\u00edtica, Territorio y Participaci\u00f3n de la Universidad Pablo de Olavide, Manuel Jim\u00e9nez S\u00e1nchez, ha presentado los resultados de una investigaci\u00f3n sobre el D\u00eda Internacional de la Mujer al IPSA, en el 26\u00ba Congreso Mundial de Ciencia pol\u00edtica, celebrado del 10 al 15 de julio de 2021. El [&hellip;]<\/p>\n","protected":false},"author":2,"featured_media":0,"comment_status":"closed","ping_status":"closed","sticky":false,"template":"","format":"standard","meta":{"footnotes":""},"categories":[7],"tags":[],"class_list":["post-3155","post","type-post","status-publish","format-standard","hentry","category-noticias"],"_links":{"self":[{"href":"https:\/\/www.upo.es\/investiga\/ptyp\/wp-json\/wp\/v2\/posts\/3155","targetHints":{"allow":["GET"]}}],"collection":[{"href":"https:\/\/www.upo.es\/investiga\/ptyp\/wp-json\/wp\/v2\/posts"}],"about":[{"href":"https:\/\/www.upo.es\/investiga\/ptyp\/wp-json\/wp\/v2\/types\/post"}],"author":[{"embeddable":true,"href":"https:\/\/www.upo.es\/investiga\/ptyp\/wp-json\/wp\/v2\/users\/2"}],"replies":[{"embeddable":true,"href":"https:\/\/www.upo.es\/investiga\/ptyp\/wp-json\/wp\/v2\/comments?post=3155"}],"version-history":[{"count":9,"href":"https:\/\/www.upo.es\/investiga\/ptyp\/wp-json\/wp\/v2\/posts\/3155\/revisions"}],"predecessor-version":[{"id":3168,"href":"https:\/\/www.upo.es\/investiga\/ptyp\/wp-json\/wp\/v2\/posts\/3155\/revisions\/3168"}],"wp:attachment":[{"href":"https:\/\/www.upo.es\/investiga\/ptyp\/wp-json\/wp\/v2\/media?parent=3155"}],"wp:term":[{"taxonomy":"category","embeddable":true,"href":"https:\/\/www.upo.es\/investiga\/ptyp\/wp-json\/wp\/v2\/categories?post=3155"},{"taxonomy":"post_tag","embeddable":true,"href":"https:\/\/www.upo.es\/investiga\/ptyp\/wp-json\/wp\/v2\/tags?post=3155"}],"curies":[{"name":"wp","href":"https:\/\/api.w.org\/{rel}","templated":true}]}}