{"id":3420,"date":"2021-11-04T13:04:23","date_gmt":"2021-11-04T12:04:23","guid":{"rendered":"https:\/\/www.upo.es\/investiga\/ptyp\/?p=3420"},"modified":"2021-11-04T13:20:41","modified_gmt":"2021-11-04T12:20:41","slug":"el-18-de-noviembre-se-celebrara-el-seminario-urban-red-2021-las-politicas-urbanas-en-el-marco-de-la-agenda-2030-una-perspectiva-internacional-casos-de-europa","status":"publish","type":"post","link":"https:\/\/www.upo.es\/investiga\/ptyp\/es\/el-18-de-noviembre-se-celebrara-el-seminario-urban-red-2021-las-politicas-urbanas-en-el-marco-de-la-agenda-2030-una-perspectiva-internacional-casos-de-europa\/","title":{"rendered":"El 18 de Noviembre se celebrar\u00e1 el seminario \u00abURBAN RED 2021: Las pol\u00edticas urbanas en el marco de la Agenda 2030: Una perspectiva internacional (casos de Europa)\u00bb"},"content":{"rendered":"\n<p>El pr\u00f3ximo d\u00eda <strong>18 de noviembre <\/strong>se celebrar\u00e1n virtualmente las <strong>Jornadas Urban RED 2021<\/strong>. <strong>Las pol\u00edticas urbanas en el marco de la Agenda 2030: Una perspectiva internacional (casos de Europa)<\/strong>. Estas Jornadas, organizadas por el <a href=\"https:\/\/www.upo.es\/investiga\/ptyp\/es\/inicio\/\"><span class=\"has-inline-color has-vivid-cyan-blue-color\">Grupo de Investigaci\u00f3n PTyP<\/span><\/a> en conjunto con <a href=\"https:\/\/www.unioviedo.es\/urbanred\/\"><span class=\"has-inline-color has-vivid-cyan-blue-color\">UrbanRed<\/span><\/a> y financiadas por el <a href=\"https:\/\/www.upo.es\/portal\/impe\/web\/portada\/index.html\"><span class=\"has-inline-color has-vivid-cyan-blue-color\">V Plan Propio<\/span><\/a> y el <a href=\"https:\/\/www.upo.es\/sociologia\/\"><span class=\"has-inline-color has-vivid-cyan-blue-color\">Departamento de Sociolog\u00eda<\/span><\/a> de la Universidad Pablo de Olavide, pretenden ser un un punto de encuentro para debatir la importancia de las <strong>Agendas Urbanas<\/strong> a nivel regional y local. Para ello, expertos acad\u00e9micos de distintas procedencias tanto de Europa como de Latinoam\u00e9rica, expondr\u00e1n sus propias experiencias con este instrumento de pol\u00edtica urbana con el objeto avanzar en la mejora del conocimiento sobre el MDUSI, que da cobertura a las Agendas Urbanas como instrumento de pol\u00edtica p\u00fablica para su impulso. Puede ampliar la informaci\u00f3n sobre el mismo <a href=\"https:\/\/www.upo.es\/investiga\/ptyp\/es\/seminarios\/\"><span class=\"has-inline-color has-vivid-cyan-blue-color\">aqu\u00ed<\/span><\/a>.<\/p>\n","protected":false},"excerpt":{"rendered":"<p>El pr\u00f3ximo d\u00eda 18 de noviembre se celebrar\u00e1n virtualmente las Jornadas Urban RED 2021. Las pol\u00edticas urbanas en el marco de la Agenda 2030: Una perspectiva internacional (casos de Europa). Estas Jornadas, organizadas por el Grupo de Investigaci\u00f3n PTyP en conjunto con UrbanRed y financiadas por el V Plan Propio y el Departamento de Sociolog\u00eda [&hellip;]<\/p>\n","protected":false},"author":2,"featured_media":0,"comment_status":"closed","ping_status":"closed","sticky":false,"template":"","format":"standard","meta":{"footnotes":""},"categories":[7],"tags":[],"class_list":["post-3420","post","type-post","status-publish","format-standard","hentry","category-noticias"],"_links":{"self":[{"href":"https:\/\/www.upo.es\/investiga\/ptyp\/wp-json\/wp\/v2\/posts\/3420","targetHints":{"allow":["GET"]}}],"collection":[{"href":"https:\/\/www.upo.es\/investiga\/ptyp\/wp-json\/wp\/v2\/posts"}],"about":[{"href":"https:\/\/www.upo.es\/investiga\/ptyp\/wp-json\/wp\/v2\/types\/post"}],"author":[{"embeddable":true,"href":"https:\/\/www.upo.es\/investiga\/ptyp\/wp-json\/wp\/v2\/users\/2"}],"replies":[{"embeddable":true,"href":"https:\/\/www.upo.es\/investiga\/ptyp\/wp-json\/wp\/v2\/comments?post=3420"}],"version-history":[{"count":5,"href":"https:\/\/www.upo.es\/investiga\/ptyp\/wp-json\/wp\/v2\/posts\/3420\/revisions"}],"predecessor-version":[{"id":3427,"href":"https:\/\/www.upo.es\/investiga\/ptyp\/wp-json\/wp\/v2\/posts\/3420\/revisions\/3427"}],"wp:attachment":[{"href":"https:\/\/www.upo.es\/investiga\/ptyp\/wp-json\/wp\/v2\/media?parent=3420"}],"wp:term":[{"taxonomy":"category","embeddable":true,"href":"https:\/\/www.upo.es\/investiga\/ptyp\/wp-json\/wp\/v2\/categories?post=3420"},{"taxonomy":"post_tag","embeddable":true,"href":"https:\/\/www.upo.es\/investiga\/ptyp\/wp-json\/wp\/v2\/tags?post=3420"}],"curies":[{"name":"wp","href":"https:\/\/api.w.org\/{rel}","templated":true}]}}