{"id":3579,"date":"2022-01-18T09:20:16","date_gmt":"2022-01-18T08:20:16","guid":{"rendered":"https:\/\/www.upo.es\/investiga\/ptyp\/?p=3579"},"modified":"2022-01-18T09:23:10","modified_gmt":"2022-01-18T08:23:10","slug":"muchos-ruidos-y-muchas-nueces-en-la-politica-autonomica-articulo-publicado-en-el-pais-por-xavier-coller-y-antonio-m-jaime-castillo","status":"publish","type":"post","link":"https:\/\/www.upo.es\/investiga\/ptyp\/es\/muchos-ruidos-y-muchas-nueces-en-la-politica-autonomica-articulo-publicado-en-el-pais-por-xavier-coller-y-antonio-m-jaime-castillo\/","title":{"rendered":"\u00abMuchos ruidos, y muchas nueces&#8230; en la pol\u00edtica auton\u00f3mica\u00bb art\u00edculo publicado en EL Pa\u00eds por Xavier Coller y Antonio M. Jaime-Castillo."},"content":{"rendered":"\n<p class=\"has-black-color has-text-color\">Xavier Coller y Antonio M. Jaime- Castillo miembros investigadores de PTyP reflexionan sobre la propensi\u00f3n al conflicto en la pol\u00edtica espa\u00f1ola y presentan algunos resultados del estudio\u00a0<a href=\"https:\/\/consenso.uned.es\/\">&#8216;La construcci\u00f3n social del consenso en entornos pol\u00edticos multipartidistas&#8217;<\/a>  en el que participan varios acad\u00e9micos de distintas universidades.<\/p>\n\n\n\n<div style=\"height:31px\" aria-hidden=\"true\" class=\"wp-block-spacer\"><\/div>\n\n\n\n<p>Puedes acceder al art\u00edculo que publica El Pa\u00eds este 17 de Enero de 2022 pinchando <strong><a href=\"https:\/\/agendapublica.elpais.com\/noticia\/17619\/mucho-ruido-muchas-nueces-politica-autonomica\" target=\"_blank\" rel=\"noreferrer noopener\">aqu\u00ed.<\/a><\/strong><\/p>\n\n\n\n<div style=\"height:50px\" aria-hidden=\"true\" class=\"wp-block-spacer\"><\/div>\n","protected":false},"excerpt":{"rendered":"<p>Xavier Coller y Antonio M. Jaime- Castillo miembros investigadores de PTyP reflexionan sobre la propensi\u00f3n al conflicto en la pol\u00edtica espa\u00f1ola y presentan algunos resultados del estudio\u00a0&#8216;La construcci\u00f3n social del consenso en entornos pol\u00edticos multipartidistas&#8217; en el que participan varios acad\u00e9micos de distintas universidades. Puedes acceder al art\u00edculo que publica El Pa\u00eds este 17 de [&hellip;]<\/p>\n","protected":false},"author":2,"featured_media":0,"comment_status":"closed","ping_status":"closed","sticky":false,"template":"","format":"standard","meta":{"footnotes":""},"categories":[7],"tags":[],"class_list":["post-3579","post","type-post","status-publish","format-standard","hentry","category-noticias"],"_links":{"self":[{"href":"https:\/\/www.upo.es\/investiga\/ptyp\/wp-json\/wp\/v2\/posts\/3579","targetHints":{"allow":["GET"]}}],"collection":[{"href":"https:\/\/www.upo.es\/investiga\/ptyp\/wp-json\/wp\/v2\/posts"}],"about":[{"href":"https:\/\/www.upo.es\/investiga\/ptyp\/wp-json\/wp\/v2\/types\/post"}],"author":[{"embeddable":true,"href":"https:\/\/www.upo.es\/investiga\/ptyp\/wp-json\/wp\/v2\/users\/2"}],"replies":[{"embeddable":true,"href":"https:\/\/www.upo.es\/investiga\/ptyp\/wp-json\/wp\/v2\/comments?post=3579"}],"version-history":[{"count":5,"href":"https:\/\/www.upo.es\/investiga\/ptyp\/wp-json\/wp\/v2\/posts\/3579\/revisions"}],"predecessor-version":[{"id":3584,"href":"https:\/\/www.upo.es\/investiga\/ptyp\/wp-json\/wp\/v2\/posts\/3579\/revisions\/3584"}],"wp:attachment":[{"href":"https:\/\/www.upo.es\/investiga\/ptyp\/wp-json\/wp\/v2\/media?parent=3579"}],"wp:term":[{"taxonomy":"category","embeddable":true,"href":"https:\/\/www.upo.es\/investiga\/ptyp\/wp-json\/wp\/v2\/categories?post=3579"},{"taxonomy":"post_tag","embeddable":true,"href":"https:\/\/www.upo.es\/investiga\/ptyp\/wp-json\/wp\/v2\/tags?post=3579"}],"curies":[{"name":"wp","href":"https:\/\/api.w.org\/{rel}","templated":true}]}}