{"id":10053,"date":"2025-06-04T08:38:36","date_gmt":"2025-06-04T08:38:36","guid":{"rendered":"https:\/\/www.upo.es\/patio-colorado\/?p=10053"},"modified":"2025-06-04T08:38:36","modified_gmt":"2025-06-04T08:38:36","slug":"donana-un-mosaico-di-biodiversita","status":"publish","type":"post","link":"https:\/\/www.upo.es\/patio-colorado\/2025\/06\/04\/donana-un-mosaico-di-biodiversita\/","title":{"rendered":"DO\u00d1ANA: UN MOSAICO DI BIODIVERSIT\u00c0"},"content":{"rendered":"<p><img loading=\"lazy\" decoding=\"async\" class=\" wp-image-10059 alignright\" src=\"https:\/\/www.upo.es\/patio-colorado\/wp-content\/uploads\/2025\/06\/Immagine-300x180.jpg\" alt=\"\" width=\"122\" height=\"73\" srcset=\"https:\/\/www.upo.es\/patio-colorado\/wp-content\/uploads\/2025\/06\/Immagine-300x180.jpg 300w, https:\/\/www.upo.es\/patio-colorado\/wp-content\/uploads\/2025\/06\/Immagine.jpg 349w\" sizes=\"auto, (max-width: 122px) 100vw, 122px\" \/>\u00a1Ciao color\u00e1s e coloraos!<\/p>\n<p>Il parco naturale di Do\u00f1ana, noto anche como Coto de Do\u00f1ana, si trova in Andalusia e si estende per 540 km\u00b2 tra le province di Huelva, Cadice e Siviglia, di cui 135 km\u00b2<img loading=\"lazy\" decoding=\"async\" class=\" wp-image-10060 alignright\" src=\"https:\/\/www.upo.es\/patio-colorado\/wp-content\/uploads\/2025\/06\/Immagine3-1-300x179.jpg\" alt=\"\" width=\"122\" height=\"73\" srcset=\"https:\/\/www.upo.es\/patio-colorado\/wp-content\/uploads\/2025\/06\/Immagine3-1-300x179.jpg 300w, https:\/\/www.upo.es\/patio-colorado\/wp-content\/uploads\/2025\/06\/Immagine3-1.jpg 356w\" sizes=\"auto, (max-width: 122px) 100vw, 122px\" \/> costituiscono un\u2019area protetta. Quest\u2019ultima pu\u00f2 essere visitata solo tramite tour guidati, mentre nel resto del parco nazionale sono disponibili sentieri percorribili anche in autonomia.<\/p>\n<p>Il parco, noto per la sua biodiversit\u00e0 unica in Europa, ospita numerose specie animali. Tra queste sono comprese migliaia di uccelli, daini, cervi europei, cinghiali, tassi e manguste, oltre a specie uniche e a rischio di estinzione come l&#8217;aquila imperiale spagnola e la lince iberica, ossia tutti animali rappresentativi della fauna europea e nordafricana.<\/p>\n<p><img loading=\"lazy\" decoding=\"async\" class=\"alignnone wp-image-10061\" src=\"https:\/\/www.upo.es\/patio-colorado\/wp-content\/uploads\/2025\/06\/Immagine4-1-300x186.jpg\" alt=\"\" width=\"202\" height=\"125\" srcset=\"https:\/\/www.upo.es\/patio-colorado\/wp-content\/uploads\/2025\/06\/Immagine4-1-300x186.jpg 300w, https:\/\/www.upo.es\/patio-colorado\/wp-content\/uploads\/2025\/06\/Immagine4-1.jpg 490w\" sizes=\"auto, (max-width: 202px) 100vw, 202px\" \/> <img loading=\"lazy\" decoding=\"async\" class=\"alignnone wp-image-10062\" src=\"https:\/\/www.upo.es\/patio-colorado\/wp-content\/uploads\/2025\/06\/Immagine5-1-300x182.jpg\" alt=\"\" width=\"203\" height=\"123\" srcset=\"https:\/\/www.upo.es\/patio-colorado\/wp-content\/uploads\/2025\/06\/Immagine5-1-300x182.jpg 300w, https:\/\/www.upo.es\/patio-colorado\/wp-content\/uploads\/2025\/06\/Immagine5-1.jpg 495w\" sizes=\"auto, (max-width: 203px) 100vw, 203px\" \/> <img loading=\"lazy\" decoding=\"async\" class=\"alignnone wp-image-10063\" src=\"https:\/\/www.upo.es\/patio-colorado\/wp-content\/uploads\/2025\/06\/Immagine6-1-300x188.jpg\" alt=\"\" width=\"200\" height=\"125\" srcset=\"https:\/\/www.upo.es\/patio-colorado\/wp-content\/uploads\/2025\/06\/Immagine6-1-300x188.jpg 300w, https:\/\/www.upo.es\/patio-colorado\/wp-content\/uploads\/2025\/06\/Immagine6-1.jpg 492w\" sizes=\"auto, (max-width: 200px) 100vw, 200px\" \/><\/p>\n<p>Inoltre Do\u00f1ana permette di visitare una straordinaria variet\u00e0 di ecosistemi, tra cui paludi, lagune, pinete, rive,<img loading=\"lazy\" decoding=\"async\" class=\" wp-image-10066 alignright\" src=\"https:\/\/www.upo.es\/patio-colorado\/wp-content\/uploads\/2025\/06\/Immagine8-1.jpg\" alt=\"\" width=\"174\" height=\"132\" \/> dune. La palude, in particolare, si caratterizza per la sua importanza come luogo di transito, riproduzione e svernamento per migliaia di uccelli provenienti dall\u2019Europa e dall\u2019Africa. Il Parco nazionale \u00e8 una delle aree umide pi\u00f9 importanti d\u2019Europa e la sua conformazione pianeggiante, priva di rilievi, lo rende un paesaggio unico. Per la sua ricchezza naturale, nel 1980, Do\u00f1ana \u00e8 stato dichiarato Riserva della Biosfera dall\u2019UNESCO, mentre nel 1994 ha ottenuto il riconoscimento come Patrimonio dell\u2019umanit\u00e0.<\/p>\n<p>Nel 1988, l\u2019ecosistema del parco fu minacciato da un grave scarico di materiali minerari proveniente da una riserva mineraria situata lungo il fiume Guadiamar, che attraversa il parco. Per limitare ulteriori danni sull\u2019area protetta, il flusso dei rifiuti venne successivamente spostato nel fiume Guadalquivir.<\/p>\n<p>La storia di Do\u00f1ana ha origini antiche, per secoli \u00e8 stata territorio di propriet\u00e0 della nobilt\u00e0 dedicato alla pesca, all\u2019agricoltura e alla caccia. Questo ha permesso di preservare l\u2019ambiente, favorendo la sua trasformazione in Parco Nazionale. Il nome del parco deriva da Do\u00f1a Ana, la moglie del VII Duca di Medina Sidonia, che nel 1523 costru\u00ec una residenza nell&#8217;area. Dal XVIII secolo, Do\u00f1ana fu utilizzata non solo per la caccia, ma divenne un&#8217;area di sfruttamento forestale, pascolo e allevamento. Nel XIX secolo inizi\u00f2 l\u2019interesse scientifico per la sua fauna, ma la caccia e la raccolta di esemplari minacciarono alcune specie. Nel XX secolo, il territorio, pass\u00f2 a proprietari privati, che introdussero nuove specie e avviarono scavi archeologici. Nel 1952 aument\u00f2 l\u2019interesse per la sua salvaguardia, portando alla creazione della Riserva Biologica nel 1963 e, sei anni dopo, del Parco Nazionale di Do\u00f1ana. Oggi, gli abitanti dei comuni limitrofi contribuiscono alla conservazione del parco con pratiche tradizionali e sostenibili.<\/p>\n<p><img loading=\"lazy\" decoding=\"async\" class=\" wp-image-10068 alignright\" src=\"https:\/\/www.upo.es\/patio-colorado\/wp-content\/uploads\/2025\/06\/Immagine1-1-300x234.jpg\" alt=\"\" width=\"158\" height=\"123\" srcset=\"https:\/\/www.upo.es\/patio-colorado\/wp-content\/uploads\/2025\/06\/Immagine1-1-300x234.jpg 300w, https:\/\/www.upo.es\/patio-colorado\/wp-content\/uploads\/2025\/06\/Immagine1-1.jpg 389w\" sizes=\"auto, (max-width: 158px) 100vw, 158px\" \/><\/p>\n<p>Do\u00f1ana offre differenti attivit\u00e0 che permettono di esplorare il suo territorio. Tra queste il birdwatching\u00a0consente di osservare da vicino la ricca fauna locale. Oltre ai sentieri percorribili a piedi, \u00e8 possibile scoprire il parco a cavallo, in biciletta grazie alla ricca rete di piste ciclabili o in kayak lungo il fiume Guadiamar.<\/p>\n<p>Due elementi culturali che rappresentano Do\u00f1ana e la sua regione sono il cavallo e la spiritualit\u00e0. Infatti una delle tradizioni pi\u00f9 antiche \u00e8 la <em>Saca de las Yeguas<\/em>, una pratica annuale che si ripete da oltre 500 anni. In tale occasione gli allevatori di Almonte radunano i cavalli selvaggi che vivono nelle paludi per portarli in citt\u00e0, dove vengono preparati per la fiera del bestiame, organizzata in onore di San Pedro, il loro santo patrono. Anche la spiritualit\u00e0 \u00e8 connessa a questo territorio fin dall\u2019antichit\u00e0, infatti il sito di El Tesorillo, a La Algaida (Sanl\u00f9car de Barrameda), ospitava un santuario portuale preromano che venne frequentato dal V secolo al I secolo a.C. da marinai e mercanti per invocare la protezione di una divinit\u00e0 astrale. Nei secoli successivi, il culto si spost\u00f2 verso una dea cristiana, ossia la Vergine del Roc\u00edo, la cui venerazione richiama ancora oggi migliaia di fedeli che ogni anno, il luned\u00ec di Pentecoste, si recano al villaggio di Roc\u00edo, situato ai margini del parco, per omaggiarla. Questa rappresenta una delle maggiori manifestazioni religiose della Spagna e si chiama la Romer\u00eda del Roc\u00edo.<\/p>\n<p><img loading=\"lazy\" decoding=\"async\" class=\"alignnone wp-image-10071\" src=\"https:\/\/www.upo.es\/patio-colorado\/wp-content\/uploads\/2025\/06\/Immagine2-2-300x238.jpg\" alt=\"\" width=\"179\" height=\"142\" srcset=\"https:\/\/www.upo.es\/patio-colorado\/wp-content\/uploads\/2025\/06\/Immagine2-2-300x238.jpg 300w, https:\/\/www.upo.es\/patio-colorado\/wp-content\/uploads\/2025\/06\/Immagine2-2.jpg 396w\" sizes=\"auto, (max-width: 179px) 100vw, 179px\" \/> <img loading=\"lazy\" decoding=\"async\" class=\"alignnone wp-image-10070\" src=\"https:\/\/www.upo.es\/patio-colorado\/wp-content\/uploads\/2025\/06\/Immagine-1-300x229.jpg\" alt=\"\" width=\"188\" height=\"144\" srcset=\"https:\/\/www.upo.es\/patio-colorado\/wp-content\/uploads\/2025\/06\/Immagine-1-300x229.jpg 300w, https:\/\/www.upo.es\/patio-colorado\/wp-content\/uploads\/2025\/06\/Immagine-1.jpg 398w\" sizes=\"auto, (max-width: 188px) 100vw, 188px\" \/><\/p>\n<p>Ai confini del parco sono dislocati 5 centri visitatori, che rappresentano il punto di partenza perfetto per<img loading=\"lazy\" decoding=\"async\" class=\" wp-image-10072 alignright\" src=\"https:\/\/www.upo.es\/patio-colorado\/wp-content\/uploads\/2025\/06\/Immagineee-300x256.jpg\" alt=\"\" width=\"138\" height=\"118\" srcset=\"https:\/\/www.upo.es\/patio-colorado\/wp-content\/uploads\/2025\/06\/Immagineee-300x256.jpg 300w, https:\/\/www.upo.es\/patio-colorado\/wp-content\/uploads\/2025\/06\/Immagineee.jpg 388w\" sizes=\"auto, (max-width: 138px) 100vw, 138px\" \/> esplorare il suo territorio in autonomia. Tre di questi si trovano nella provincia di Huelva, ossia: El Acebuche che \u00e8 il pi\u00f9 antico e uno dei pi\u00f9 famosi punti di accesso al parco; La Rocina, in cui si trova un\u2019esposizione dedicata alla Romer\u00eda del Roc\u00edo e al fiume La Rocina e Los Centenales. Invece nella provincia di Siviglia si trova Centro Visitatori Jos\u00e9 Antonio Valverde, mentre nella provincia di Cadice \u00e8 presente il Centro Visitatori Fabrica del Hielo.<\/p>\n<p>Dunque il Parco Naturale di Do\u00f1ana non rappresenta solo un\u2019area protetta, ma anche cultura, tradizioni e storia. Per tale motivo la sua conservazione \u00e8 importante per salvaguardare sia la biodiversit\u00e0 che l\u2019identit\u00e0 culturale dell\u2019Andalusia.<\/p>\n<p>&nbsp;<\/p>\n<p>Referencias:<\/p>\n<ul>\n<li><a href=\"https:\/\/it.wikipedia.org\/wiki\/Parco_nazionale_di_Do%C3%B1ana\">https:\/\/it.wikipedia.org\/wiki\/Parco_nazionale_di_Do%C3%B1ana<\/a><\/li>\n<li><a href=\"https:\/\/www.spain.info\/it\/natura\/parco-nazionale-donana\/\">https:\/\/www.spain.info\/it\/natura\/parco-nazionale-donana\/<\/a><\/li>\n<li><a href=\"https:\/\/www.miteco.gob.es\/en\/parques-nacionales-oapn\/red-parques-nacionales\/parques-nacionales\/donana.html\">https:\/\/www.miteco.gob.es\/en\/parques-nacionales-oapn\/red-parques-nacionales\/parques-nacionales\/donana.html<\/a><\/li>\n<li><a href=\"https:\/\/www.viaggioinandalusia.it\/parco-donana\/\">https:\/\/www.viaggioinandalusia.it\/parco-donana\/<\/a><\/li>\n<li><a href=\"https:\/\/ecobnb.it\/blog\/2023\/05\/parco-nazionale-donana-spagna\/\">https:\/\/ecobnb.it\/blog\/2023\/05\/parco-nazionale-donana-spagna\/<\/a><\/li>\n<\/ul>\n<p><strong>\u00a0<\/strong><\/p>\n","protected":false},"excerpt":{"rendered":"<p>\u00a1Ciao color\u00e1s e coloraos! Il parco naturale di Do\u00f1ana, noto anche como Coto de Do\u00f1ana, si trova in Andalusia e si estende per 540 km\u00b2 tra le province di Huelva, Cadice e Siviglia, di cui 135 km\u00b2 costituiscono un\u2019area protetta. Quest\u2019ultima pu\u00f2 essere visitata solo tramite tour guidati, mentre nel resto del parco nazionale sono [&hellip;]<\/p>\n","protected":false},"author":159,"featured_media":10073,"comment_status":"open","ping_status":"open","sticky":false,"template":"","format":"standard","meta":{"_acf_changed":false,"_monsterinsights_skip_tracking":false,"_monsterinsights_sitenote_active":false,"_monsterinsights_sitenote_note":"","_monsterinsights_sitenote_category":0,"footnotes":""},"categories":[302,303,702,301],"tags":[601],"class_list":["post-10053","post","type-post","status-publish","format-standard","has-post-thumbnail","hentry","category-cadiz","category-huelva","category-patrimonio-paisajistico","category-sevilla","tag-donana"],"blocksy_meta":[],"acf":[],"jetpack_featured_media_url":"https:\/\/www.upo.es\/patio-colorado\/wp-content\/uploads\/2025\/06\/Immagine2-3.jpg","_links":{"self":[{"href":"https:\/\/www.upo.es\/patio-colorado\/wp-json\/wp\/v2\/posts\/10053","targetHints":{"allow":["GET"]}}],"collection":[{"href":"https:\/\/www.upo.es\/patio-colorado\/wp-json\/wp\/v2\/posts"}],"about":[{"href":"https:\/\/www.upo.es\/patio-colorado\/wp-json\/wp\/v2\/types\/post"}],"author":[{"embeddable":true,"href":"https:\/\/www.upo.es\/patio-colorado\/wp-json\/wp\/v2\/users\/159"}],"replies":[{"embeddable":true,"href":"https:\/\/www.upo.es\/patio-colorado\/wp-json\/wp\/v2\/comments?post=10053"}],"version-history":[{"count":7,"href":"https:\/\/www.upo.es\/patio-colorado\/wp-json\/wp\/v2\/posts\/10053\/revisions"}],"predecessor-version":[{"id":10080,"href":"https:\/\/www.upo.es\/patio-colorado\/wp-json\/wp\/v2\/posts\/10053\/revisions\/10080"}],"wp:featuredmedia":[{"embeddable":true,"href":"https:\/\/www.upo.es\/patio-colorado\/wp-json\/wp\/v2\/media\/10073"}],"wp:attachment":[{"href":"https:\/\/www.upo.es\/patio-colorado\/wp-json\/wp\/v2\/media?parent=10053"}],"wp:term":[{"taxonomy":"category","embeddable":true,"href":"https:\/\/www.upo.es\/patio-colorado\/wp-json\/wp\/v2\/categories?post=10053"},{"taxonomy":"post_tag","embeddable":true,"href":"https:\/\/www.upo.es\/patio-colorado\/wp-json\/wp\/v2\/tags?post=10053"}],"curies":[{"name":"wp","href":"https:\/\/api.w.org\/{rel}","templated":true}]}}