{"id":10055,"date":"2025-06-04T07:47:28","date_gmt":"2025-06-04T07:47:28","guid":{"rendered":"https:\/\/www.upo.es\/patio-colorado\/?p=10055"},"modified":"2025-06-17T11:23:42","modified_gmt":"2025-06-17T11:23:42","slug":"el-afroflamenco-de-flamenogen","status":"publish","type":"post","link":"https:\/\/www.upo.es\/patio-colorado\/2025\/06\/04\/el-afroflamenco-de-flamenogen\/","title":{"rendered":"El &#8216;afroflamenco&#8217; de FlamencoGEN"},"content":{"rendered":"<p><span style=\"font-weight: 400\">\u00a1Hola color\u00e1s y coloraos! FlamencoGEN es un interesant\u00edsimo y ambicioso proyecto que pretende visibilizar la aportaci\u00f3n africana al flamenco, as\u00ed como establecer puentes entre Espa\u00f1a y el continente africano. Este colectivo, integrado por cuatro artistas andaluces y cuatro guineanos, une el quej\u00edo del flamenco jerezano con los ritmos africanos, para demostrar que la m\u00fasica se mueve y se enriquece entre culturas. El flamenco, como todo g\u00e9nero musical, se forma a trav\u00e9s de m\u00faltiples influencias. Dentro de las cuales, tal y como FlamencoGEN quiere demostrar, el continente africano ha tenido m\u00e1s relevancia de lo que pensamos. Durante la \u00e9poca de esplendor de la ciudad de Sevilla, en la que se convirti\u00f3 en puerto principal del comercio con el Nuevo Mundo, creci\u00f3 en gran medida la poblaci\u00f3n negra y mulata de la ciudad, los cuales, sin duda, dejaron un tremend\u00edsimo impacto en la cultura de la \u00e9poca y, por tanto, en la evoluci\u00f3n del flamenco.<\/span><\/p>\n<p><span style=\"font-weight: 400\">Los instrumentos que acompa\u00f1an al grupo son la guitarra de Manuel Cerpa y la <em>ngoma<\/em> (arpa) de Jay Nvok; el teclado de Basti\u00e1n Blanco y el <em>nku<\/em> (tambor sagrado) de Manuel Eyama. Cantando, tenemos las impresionantes voces de Jos\u00e9 de los Camarones por un lado, y la de Nelida Karr por otro. En cuanto al baile, las encargadas son Ana Mar\u00eda Berrocal y M\u00f3nica El\u00e1 Samiel. El proyecto est\u00e1 impulsado por Casa \u00c1frica, con la colaboraci\u00f3n de los Centros Culturales de Espa\u00f1a en Bata y Malabo y por la Candidatura 2031 Jerez Capital Europea de la Cultura, AIE y SGAE.<\/span><\/p>\n<p><span style=\"font-weight: 400\">El inicio del proyecto se dio en la ciudad de Jerez de la Frontera, una de las grandes cunas del flamenco, entre los d\u00edas 31 de marzo y 3 de abril. Los artistas guineanos y andaluces convivieron y aprendieron de los otros para crear esta m\u00fasica-fusi\u00f3n. Establecieron un laboratorio creativo en el estudio La Bodega y en los espacios de la Sala Damajuana. La influencia musical de uno y otro grupo acab\u00f3 dando lugar, como remate a este periodo de aprendizaje entre culturas y m\u00fasicas, a un concierto el 4 de abril que fue descrito como \u201cm\u00e1gico\u201d por varios de los asistentes.<\/span><\/p>\n<p><span style=\"font-weight: 400\">La segunda parte de este proyecto tendr\u00e1 lugar en Guinea Ecuatorial. En octubre, los artistas andaluces viajar\u00e1n al pa\u00eds africano para continuar con este intercambio musical. Se seguir\u00e1 un poco la l\u00ednea de lo acontecido en Jerez de la Frontera, los ocho participantes del proyecto se reunir\u00e1n en un laboratorio creativo donde intercambiar\u00e1n influencias y crear\u00e1n m\u00fasica, todo lo cual finalizar\u00e1 con dos conciertos: uno en el Centro Cultural de Espa\u00f1a en Malabo y otro en el Centro Cultural de Espa\u00f1a en Bata.<\/span><\/p>\n<p><a href=\"https:\/\/www.youtube.com\/watch?v=pMgWF-MypNA&amp;ab_channel=Casa%C3%81frica\"><span style=\"font-weight: 400\">Aqu\u00ed<\/span><\/a><span style=\"font-weight: 400\"> pod\u00e9is ver algunos fragmentos del concierto que tuvo lugar el 4 de abril.<\/span><\/p>\n<figure id=\"attachment_10057\" aria-describedby=\"caption-attachment-10057\" style=\"width: 354px\" class=\"wp-caption aligncenter\"><img loading=\"lazy\" decoding=\"async\" class=\"wp-image-10057\" src=\"https:\/\/www.upo.es\/patio-colorado\/wp-content\/uploads\/2025\/06\/flamencogen-22_4_1000x574-300x172.jpeg\" alt=\"Miembros del grupo\" width=\"354\" height=\"203\" srcset=\"https:\/\/www.upo.es\/patio-colorado\/wp-content\/uploads\/2025\/06\/flamencogen-22_4_1000x574-300x172.jpeg 300w, https:\/\/www.upo.es\/patio-colorado\/wp-content\/uploads\/2025\/06\/flamencogen-22_4_1000x574-768x441.jpeg 768w, https:\/\/www.upo.es\/patio-colorado\/wp-content\/uploads\/2025\/06\/flamencogen-22_4_1000x574.jpeg 1000w\" sizes=\"auto, (max-width: 354px) 100vw, 354px\" \/><figcaption id=\"caption-attachment-10057\" class=\"wp-caption-text\">Miembros del grupo<\/figcaption><\/figure>\n<p><b>Bibliograf\u00eda<\/b><\/p>\n<p><span style=\"font-weight: 400\">Casa \u00c1frica (s.f.) <\/span><i><span style=\"font-weight: 400\">FlamencoGEN. <\/span><\/i><span style=\"font-weight: 400\">Casa \u00c1frica. <\/span><a href=\"https:\/\/www.esafrica.es\/flamencogen\/\"><span style=\"font-weight: 400\">https:\/\/www.esafrica.es\/flamencogen\/<\/span><\/a><span style=\"font-weight: 400\">\u00a0<\/span><\/p>\n<p><span style=\"font-weight: 400\">ExpoFlamenco (6 de abril de 2025) <\/span><i><span style=\"font-weight: 400\">Jerez acogi\u00f3 los quej\u00edos flamencos y ritmos africanos de FlamencoGen. <\/span><\/i><span style=\"font-weight: 400\">Expo Flamenco Revista <\/span><a href=\"https:\/\/expoflamenco.com\/revista\/jerez-acogio-los-quejios-flamencos-y-ritmos-africanos-de-flamencogen\/\"><span style=\"font-weight: 400\">https:\/\/expoflamenco.com\/revista\/jerez-acogio-los-quejios-flamencos-y-ritmos-africanos-de-flamencogen\/<\/span><\/a><span style=\"font-weight: 400\">\u00a0<\/span><\/p>\n<p><span style=\"font-weight: 400\">Romero, F. (5 de abril de 2025) <\/span><i><span style=\"font-weight: 400\">&#8216;Afroflamenco&#8217;, la \u00abbuena berza\u00bb andaluza-guineana que impulsa Casa \u00c1frica en Jerez. <\/span><\/i><span style=\"font-weight: 400\">Lavozdelsur. <\/span><a href=\"https:\/\/www.lavozdelsur.es\/ediciones\/jerez\/afroflamenco-buena-berza-andaluza-guineana-jerez_331802_102.html\"><span style=\"font-weight: 400\">https:\/\/www.lavozdelsur.es\/ediciones\/jerez\/afroflamenco-buena-berza-andaluza-guineana-jerez_331802_102.html<\/span><\/a><span style=\"font-weight: 400\">\u00a0<\/span><\/p>\n","protected":false},"excerpt":{"rendered":"<p>\u00a1Hola color\u00e1s y coloraos! FlamencoGEN es un interesant\u00edsimo y ambicioso proyecto que pretende visibilizar la aportaci\u00f3n africana al flamenco, as\u00ed como establecer puentes entre Espa\u00f1a y el continente africano. Este colectivo, integrado por cuatro artistas andaluces y cuatro guineanos, une el quej\u00edo del flamenco jerezano con los ritmos africanos, para demostrar que la m\u00fasica se [&hellip;]<\/p>\n","protected":false},"author":163,"featured_media":10056,"comment_status":"open","ping_status":"open","sticky":false,"template":"","format":"standard","meta":{"_acf_changed":false,"_monsterinsights_skip_tracking":false,"_monsterinsights_sitenote_active":false,"_monsterinsights_sitenote_note":"","_monsterinsights_sitenote_category":0,"footnotes":""},"categories":[302,186,1110,23],"tags":[1140,89,320],"class_list":["post-10055","post","type-post","status-publish","format-standard","has-post-thumbnail","hentry","category-cadiz","category-literatura-musica","category-noticias","category-patrimonio-vivo","tag-afroflamenco","tag-flamenco","tag-jerez"],"blocksy_meta":[],"acf":[],"jetpack_featured_media_url":"https:\/\/www.upo.es\/patio-colorado\/wp-content\/uploads\/2025\/06\/flamencogen-2-en-sala-compania-jerez-abr25-foto-roberto-aguilar.jpeg","_links":{"self":[{"href":"https:\/\/www.upo.es\/patio-colorado\/wp-json\/wp\/v2\/posts\/10055","targetHints":{"allow":["GET"]}}],"collection":[{"href":"https:\/\/www.upo.es\/patio-colorado\/wp-json\/wp\/v2\/posts"}],"about":[{"href":"https:\/\/www.upo.es\/patio-colorado\/wp-json\/wp\/v2\/types\/post"}],"author":[{"embeddable":true,"href":"https:\/\/www.upo.es\/patio-colorado\/wp-json\/wp\/v2\/users\/163"}],"replies":[{"embeddable":true,"href":"https:\/\/www.upo.es\/patio-colorado\/wp-json\/wp\/v2\/comments?post=10055"}],"version-history":[{"count":2,"href":"https:\/\/www.upo.es\/patio-colorado\/wp-json\/wp\/v2\/posts\/10055\/revisions"}],"predecessor-version":[{"id":10263,"href":"https:\/\/www.upo.es\/patio-colorado\/wp-json\/wp\/v2\/posts\/10055\/revisions\/10263"}],"wp:featuredmedia":[{"embeddable":true,"href":"https:\/\/www.upo.es\/patio-colorado\/wp-json\/wp\/v2\/media\/10056"}],"wp:attachment":[{"href":"https:\/\/www.upo.es\/patio-colorado\/wp-json\/wp\/v2\/media?parent=10055"}],"wp:term":[{"taxonomy":"category","embeddable":true,"href":"https:\/\/www.upo.es\/patio-colorado\/wp-json\/wp\/v2\/categories?post=10055"},{"taxonomy":"post_tag","embeddable":true,"href":"https:\/\/www.upo.es\/patio-colorado\/wp-json\/wp\/v2\/tags?post=10055"}],"curies":[{"name":"wp","href":"https:\/\/api.w.org\/{rel}","templated":true}]}}