{"id":10082,"date":"2025-06-04T10:07:47","date_gmt":"2025-06-04T10:07:47","guid":{"rendered":"https:\/\/www.upo.es\/patio-colorado\/?p=10082"},"modified":"2025-06-04T10:07:47","modified_gmt":"2025-06-04T10:07:47","slug":"italica-proxima-candidata-a-patrimonio-mundial","status":"publish","type":"post","link":"https:\/\/www.upo.es\/patio-colorado\/2025\/06\/04\/italica-proxima-candidata-a-patrimonio-mundial\/","title":{"rendered":"It\u00e1lica pr\u00f3xima candidata a Patrimonio Mundial"},"content":{"rendered":"<p><span style=\"font-weight: 400\">\u00a1Hola color\u00e1s y coloraos!<\/span><\/p>\n<p><span style=\"font-weight: 400\">La pr\u00f3xima candidata propuesta por<\/span><span style=\"font-weight: 400\"> el Consejo de Patrimonio Hist\u00f3rico en Espa\u00f1a para entrar en la Lista de Patrimonio Mundial de la UNESCO es ni m\u00e1s ni menos que la ciudad ceremonial de It\u00e1lica, ubicada en la localidad de Santiponce (Sevilla). Ser\u00e1 en febrero de 2026 cuando se presente la candidatura propuesta por las distintas comunidades aut\u00f3nomas. Y, podr\u00e1 ser evaluada en la pr\u00f3xima reuni\u00f3n del comit\u00e9 de evaluaci\u00f3n de la UNESCO que tendr\u00e1 lugar en 2027.\u00a0<\/span><\/p>\n<p>&nbsp;<\/p>\n<p><span style=\"font-weight: 400\">Ha sido este viernes cuando se ha tomado la decisi\u00f3n en la 97a Reuni\u00f3n del Consejo de Patrimonio Hist\u00f3rico, \u00f3rgano presidido por la directora general de Patrimonio Cultural y Bellas Artes del Ministerio de Cultura, \u00c1ngeles Albert, y del que forman parte todas las comunidades aut\u00f3nomas. Esta reuni\u00f3n ha tenido lugar los d\u00edas 8 y 9 de mayo en la Laboral, Ciudad de la Cultura, en Gij\u00f3n.\u00a0<\/span><\/p>\n<p>&nbsp;<\/p>\n<p><span style=\"font-weight: 400\">Para esta nueva candidatura se ha tomado un nuevo enfoque, se ha pasado de \u201cCiudad Adrianea\u201d a \u201cCiudad Ceremonial\u201d. Para tomar esta decisi\u00f3n se ha contado con expertos en el tema como Mar S\u00e1nchez Estrella, la secretaria general del Patrimonio Hist\u00f3rico, y M\u00f3nica Ortiz, la directora general de Patrimonio Hist\u00f3rico, entre otros, contando tambi\u00e9n con expertos mundiales.\u00a0<\/span><\/p>\n<p>&nbsp;<\/p>\n<p><span style=\"font-weight: 400\">It\u00e1lica es la primera ciudad romana fundada en Hispania y que se encuentra en el Bajo Guadalquivir, entre medio de Hispalis (Sevilla) e Ilipa (Alcal\u00e1 del R\u00edo). El motivo del cambio de enfoque es que It\u00e1lica ser\u00eda un ejemplo excepcional de ciudad ceremonial que estaba consagrada a la celebraci\u00f3n de las deidades de la civilizaci\u00f3n romana y al culto imperial.\u00a0<\/span><\/p>\n<p>&nbsp;<\/p>\n<p><span style=\"font-weight: 400\">Adem\u00e1s, It\u00e1lica es un ejemplo \u00fanico de la convergencia de ideas, conocimientos, materiales, oficios\u2026, esto es debido a que estaba asentada en acusadas ra\u00edces orientales. Por lo tanto, es un testimonio sin igual de la conectividad cultural mediterr\u00e1nea caracter\u00edstica del Imperio Romano del siglo I. Y, tambi\u00e9n, de la culminaci\u00f3n del proceso secular de hibridaci\u00f3n cultural grecorromana.\u00a0<\/span><\/p>\n<p>&nbsp;<\/p>\n<p><span style=\"font-weight: 400\">Gracias a esta \u00faltima decisi\u00f3n, se llega a una primera meta tras a\u00f1os de esfuerzo que no solo se han dado por estas v\u00edas sino que tambi\u00e9n se ha dado a trav\u00e9s de los propios habitantes del pueblo. De hecho, yo como habitante de Santiponce, he participado en mi \u00e9poca del instituto de varias maneras para intentar que It\u00e1lica sea Patrimonio de la Humanidad por la UNESCO. Por ello, esto es un paso m\u00e1s hacia lo que se quiere lograr. Adem\u00e1s, It\u00e1lica tambi\u00e9n aspira a ser Sello de Patrimonio Europeo, junto con otras villas como la Villa Adriana de Roma y al Barrio de Adriano de Atenas.\u00a0<\/span><\/p>\n<p>&nbsp;<\/p>\n<p><span style=\"font-weight: 400\">Y, a ti, \u00bfqu\u00e9 te parece? \u00bfPiensas tambi\u00e9n que ya es hora de que se le d\u00e9 el reconocimiento que merece a It\u00e1lica?<\/span><\/p>\n<p>&nbsp;<\/p>\n<p>&nbsp;<\/p>\n<p><span style=\"font-weight: 400\">Bibliograf\u00eda<\/span><\/p>\n<p><span style=\"font-weight: 400\">Parejo, J. (2025, 28 mayo). It\u00e1lica, una ciudad ceremonial que busca el reconocimiento mundial. Diario de Sevilla. <\/span><a href=\"https:\/\/www.diariodesevilla.es\/sevilla\/italica-ciudad-ceremonial-busca-reconocimiento-mundial_0_2003949850.html\"><span style=\"font-weight: 400\">https:\/\/www.diariodesevilla.es\/sevilla\/italica-ciudad-ceremonial-busca-reconocimiento-mundial_0_2003949850.html<\/span><\/a><span style=\"font-weight: 400\">\u00a0<\/span><\/p>\n","protected":false},"excerpt":{"rendered":"<p>\u00a1Hola color\u00e1s y coloraos! La pr\u00f3xima candidata propuesta por el Consejo de Patrimonio Hist\u00f3rico en Espa\u00f1a para entrar en la Lista de Patrimonio Mundial de la UNESCO es ni m\u00e1s ni menos que la ciudad ceremonial de It\u00e1lica, ubicada en la localidad de Santiponce (Sevilla). Ser\u00e1 en febrero de 2026 cuando se presente la candidatura [&hellip;]<\/p>\n","protected":false},"author":160,"featured_media":10083,"comment_status":"open","ping_status":"open","sticky":false,"template":"","format":"standard","meta":{"_acf_changed":false,"_monsterinsights_skip_tracking":false,"_monsterinsights_sitenote_active":false,"_monsterinsights_sitenote_note":"","_monsterinsights_sitenote_category":0,"footnotes":""},"categories":[166],"tags":[80,693,216,1141],"class_list":["post-10082","post","type-post","status-publish","format-standard","has-post-thumbnail","hentry","category-historia-arqueologia","tag-actualidad","tag-monumentos-historia-patrimoniohistorico","tag-italica","tag-patrimoniomundial"],"blocksy_meta":[],"acf":[],"jetpack_featured_media_url":"https:\/\/www.upo.es\/patio-colorado\/wp-content\/uploads\/2025\/06\/bd1e2453-8ad6-4b7a-9de5-fdaf7e154d7c_16-9-discover-aspect-ratio_default_0.jpg","_links":{"self":[{"href":"https:\/\/www.upo.es\/patio-colorado\/wp-json\/wp\/v2\/posts\/10082","targetHints":{"allow":["GET"]}}],"collection":[{"href":"https:\/\/www.upo.es\/patio-colorado\/wp-json\/wp\/v2\/posts"}],"about":[{"href":"https:\/\/www.upo.es\/patio-colorado\/wp-json\/wp\/v2\/types\/post"}],"author":[{"embeddable":true,"href":"https:\/\/www.upo.es\/patio-colorado\/wp-json\/wp\/v2\/users\/160"}],"replies":[{"embeddable":true,"href":"https:\/\/www.upo.es\/patio-colorado\/wp-json\/wp\/v2\/comments?post=10082"}],"version-history":[{"count":1,"href":"https:\/\/www.upo.es\/patio-colorado\/wp-json\/wp\/v2\/posts\/10082\/revisions"}],"predecessor-version":[{"id":10084,"href":"https:\/\/www.upo.es\/patio-colorado\/wp-json\/wp\/v2\/posts\/10082\/revisions\/10084"}],"wp:featuredmedia":[{"embeddable":true,"href":"https:\/\/www.upo.es\/patio-colorado\/wp-json\/wp\/v2\/media\/10083"}],"wp:attachment":[{"href":"https:\/\/www.upo.es\/patio-colorado\/wp-json\/wp\/v2\/media?parent=10082"}],"wp:term":[{"taxonomy":"category","embeddable":true,"href":"https:\/\/www.upo.es\/patio-colorado\/wp-json\/wp\/v2\/categories?post=10082"},{"taxonomy":"post_tag","embeddable":true,"href":"https:\/\/www.upo.es\/patio-colorado\/wp-json\/wp\/v2\/tags?post=10082"}],"curies":[{"name":"wp","href":"https:\/\/api.w.org\/{rel}","templated":true}]}}