{"id":10095,"date":"2025-06-04T11:22:22","date_gmt":"2025-06-04T11:22:22","guid":{"rendered":"https:\/\/www.upo.es\/patio-colorado\/?p=10095"},"modified":"2025-06-04T11:22:22","modified_gmt":"2025-06-04T11:22:22","slug":"la-virgen-del-carmen-devocion-puntaumbriena","status":"publish","type":"post","link":"https:\/\/www.upo.es\/patio-colorado\/2025\/06\/04\/la-virgen-del-carmen-devocion-puntaumbriena\/","title":{"rendered":"La Virgen del Carmen: devoci\u00f3n puntaumbrie\u00f1a"},"content":{"rendered":"<p><span style=\"font-weight: 400\">\u00a1Hola color\u00e1s y coloraos!<\/span><\/p>\n<p><span style=\"font-weight: 400\">Algunos conocer\u00e9is la localidad onubense de Punta Umbr\u00eda como un destino costero vacacional, pero seguro que no sab\u00e9is que tienen un evento propio para celebrar las fiestas de la Virgen del Carmen.<\/span><\/p>\n<p><span style=\"font-weight: 400\">La devoci\u00f3n a la Virgen del Carmen est\u00e1 muy implantada en los pueblos de costa o de origen marinero, y Punta Umbr\u00eda no iba a ser menos. Su Virgen lleva procesionando por la r\u00eda desde 1908, seg\u00fan los testimonios m\u00e1s antiguos recogidos hasta la fecha, aunque no se descarta que la tradici\u00f3n ya se llevase a cabo en a\u00f1os anteriores. De esta manera, existen dos fechas claves para la celebraci\u00f3n de esta festividad: el 16 de julio, que es el d\u00eda de la Virgen del Carmen; y el 15 de agosto, d\u00eda de la asunci\u00f3n de la Virgen.<\/span><\/p>\n<p><span style=\"font-weight: 400\">La procesi\u00f3n de julio naci\u00f3 en 1979. Al principio sal\u00eda de la Capilla de Santa Cruz, aunque actualmente lo hace desde la Iglesia de Santa Mar\u00eda del Mar, pasando por los puntos m\u00e1s emblem\u00e1ticos de la localidad. Es muy emocionante para los puntaumbrie\u00f1os observar a los cargadores introducirse en el agua con la Virgen a hombros. De hecho, parte del recorrido se realiza por la playa, y en ocasiones los cargadores entonan el Ave Mar\u00eda junto al sonido de las olas, como si el oc\u00e9ano saludase a la patrona. La procesi\u00f3n finaliza en la Iglesia de Lourdes, donde la imagen permanece hasta el 15 de agosto.<\/span><\/p>\n<p><span style=\"font-weight: 400\">A diferencia de la celebraci\u00f3n del 16 de julio, la procesi\u00f3n de agosto siempre se ha llevado a cabo el d\u00eda 15 para que esta coincidiese con la \u00e9poca de mayor afluencia de veraneantes al municipio. Desde la Iglesia de Lourdes, la Virgen es llevada hasta el muelle para, en el sentido m\u00e1s literal de la palabra, embarcarse en procesi\u00f3n por la r\u00eda junto con sus devotos marineros. Esta costumbre es un icono de la localidad de Punta Umbr\u00eda. Al regresar al muelle, se celebra una misa multitudinaria a la que acuden tanto los m\u00e1s religiosos como los menos creyentes, dada la solemnidad de la festividad y la belleza de la estampa de la Virgen junto a la r\u00eda. Todas estas personas la siguen despu\u00e9s por las calles del pueblo, por algunos de los lugares m\u00e1s transitados como la calle Ancha o la Avenida de Andaluc\u00eda, hasta volver de nuevo a la Iglesia de Santa Mar\u00eda del Mar, donde esperar\u00e1 hasta el a\u00f1o siguiente para de nuevo, volver a bendecir las aguas del mediterr\u00e1neo.<\/span><\/p>\n<p><span style=\"font-weight: 400\">Entre otras peculiaridades de esta celebraci\u00f3n se encuentra el Homenaje al Marinero, que consiste en la entrega de un reconocimiento al marinero m\u00e1s mayor de la localidad, un evento muy entra\u00f1able y especial para sus habitantes.\u00a0<\/span><\/p>\n<p><span style=\"font-weight: 400\">Esta doble procesi\u00f3n hace \u00fanicas las fiestas del Carmen de Punta Umbr\u00eda, que atraen turistas cada a\u00f1o tanto del resto de Espa\u00f1a como de Portugal. Si a\u00fan no las hab\u00e9is presenciado, ya ten\u00e9is planes para este verano. \u00a1Esperamos que os haya resultado interesante!<\/span><\/p>\n<p>&nbsp;<\/p>\n<p><b>Referencias<\/b><\/p>\n<p><span style=\"font-weight: 400\">Ayuntamiento de Punta Umbr\u00eda (s.f.). <\/span><i><span style=\"font-weight: 400\">Fiestas de la Virgen del Carmen. <\/span><\/i><a href=\"http:\/\/www.puntaumbria.es\/opencms\/opencms\/puntaumbria\/content\/turi\/hist\/info\/info_fiestas-de-la-virgen-de-el-carmen.html\"><span style=\"font-weight: 400\">http:\/\/www.puntaumbria.es\/opencms\/opencms\/puntaumbria\/content\/turi\/hist\/info\/info_fiestas-de-la-virgen-de-el-carmen.html<\/span><\/a><\/p>\n","protected":false},"excerpt":{"rendered":"<p>\u00a1Hola color\u00e1s y coloraos! Algunos conocer\u00e9is la localidad onubense de Punta Umbr\u00eda como un destino costero vacacional, pero seguro que no sab\u00e9is que tienen un evento propio para celebrar las fiestas de la Virgen del Carmen. La devoci\u00f3n a la Virgen del Carmen est\u00e1 muy implantada en los pueblos de costa o de origen marinero, [&hellip;]<\/p>\n","protected":false},"author":164,"featured_media":0,"comment_status":"open","ping_status":"open","sticky":false,"template":"","format":"standard","meta":{"_acf_changed":false,"_monsterinsights_skip_tracking":false,"_monsterinsights_sitenote_active":false,"_monsterinsights_sitenote_note":"","_monsterinsights_sitenote_category":0,"footnotes":""},"categories":[1,35,166,303,170,23],"tags":[55,99,28,259],"class_list":["post-10095","post","type-post","status-publish","format-standard","hentry","category-sin-categoria","category-fiestas-tradiciones","category-historia-arqueologia","category-huelva","category-monumentos-y-turismo","category-patrimonio-vivo","tag-andalucia","tag-cultura","tag-arte","tag-turismo"],"blocksy_meta":[],"acf":[],"jetpack_featured_media_url":"","_links":{"self":[{"href":"https:\/\/www.upo.es\/patio-colorado\/wp-json\/wp\/v2\/posts\/10095","targetHints":{"allow":["GET"]}}],"collection":[{"href":"https:\/\/www.upo.es\/patio-colorado\/wp-json\/wp\/v2\/posts"}],"about":[{"href":"https:\/\/www.upo.es\/patio-colorado\/wp-json\/wp\/v2\/types\/post"}],"author":[{"embeddable":true,"href":"https:\/\/www.upo.es\/patio-colorado\/wp-json\/wp\/v2\/users\/164"}],"replies":[{"embeddable":true,"href":"https:\/\/www.upo.es\/patio-colorado\/wp-json\/wp\/v2\/comments?post=10095"}],"version-history":[{"count":1,"href":"https:\/\/www.upo.es\/patio-colorado\/wp-json\/wp\/v2\/posts\/10095\/revisions"}],"predecessor-version":[{"id":10096,"href":"https:\/\/www.upo.es\/patio-colorado\/wp-json\/wp\/v2\/posts\/10095\/revisions\/10096"}],"wp:attachment":[{"href":"https:\/\/www.upo.es\/patio-colorado\/wp-json\/wp\/v2\/media?parent=10095"}],"wp:term":[{"taxonomy":"category","embeddable":true,"href":"https:\/\/www.upo.es\/patio-colorado\/wp-json\/wp\/v2\/categories?post=10095"},{"taxonomy":"post_tag","embeddable":true,"href":"https:\/\/www.upo.es\/patio-colorado\/wp-json\/wp\/v2\/tags?post=10095"}],"curies":[{"name":"wp","href":"https:\/\/api.w.org\/{rel}","templated":true}]}}