{"id":10098,"date":"2025-06-04T11:26:28","date_gmt":"2025-06-04T11:26:28","guid":{"rendered":"https:\/\/www.upo.es\/patio-colorado\/?p=10098"},"modified":"2025-06-04T11:26:28","modified_gmt":"2025-06-04T11:26:28","slug":"la-epoca-dorada-onubense-el-antiguo-hotel-colon","status":"publish","type":"post","link":"https:\/\/www.upo.es\/patio-colorado\/2025\/06\/04\/la-epoca-dorada-onubense-el-antiguo-hotel-colon\/","title":{"rendered":"La \u00e9poca dorada onubense: el antiguo Hotel Col\u00f3n"},"content":{"rendered":"<p><span style=\"font-weight: 400\">\u00a1Hola color\u00e1s y coloraos!<\/span><\/p>\n<p><span style=\"font-weight: 400\">En esta ocasi\u00f3n vengo a hablaros de Casa Col\u00f3n, el emblem\u00e1tico conjunto de edificios hist\u00f3ricos de Huelva. Esta ic\u00f3nica joya de la arquitectura onubense forma parte de la \u00e9poca dorada de su ciudad, que recibi\u00f3 a las personalidades que acud\u00edan al IV Centenario del Descubrimiento de Am\u00e9rica en 1892.\u00a0<\/span><\/p>\n<p><span style=\"font-weight: 400\">Debido al auge de la vida industrial y econ\u00f3mica que experiment\u00f3 Huelva a mediados del siglo XIX, se decidi\u00f3 construir un hotel en el que pudieran hospedarse los magnates que acud\u00edan a la zona. La obra estuvo a cargo del arquitecto Jos\u00e9 P\u00e9rez de Santamar\u00eda a petici\u00f3n de Guillermo Sundheim, empresario alem\u00e1n y promotor de la construcci\u00f3n junto con Doetsch, Hugh Mathenson y la R\u00edo Tinto Company. El Hotel Col\u00f3n fue inaugurado el 26 de junio de 1883, y unos a\u00f1os m\u00e1s tarde, en 1892, acogi\u00f3 a numerosas figuras destacadas que acud\u00edan a la Temporada del Centenario. En este per\u00edodo se celebraron actos conmemorativos del IV Centenario de Am\u00e9rica a los que acudieron representantes de las naciones iberoamericanas invitadas y tambi\u00e9n personas influyentes en la Espa\u00f1a de la \u00e9poca, como C\u00e1novas del Castillo.<\/span><\/p>\n<p><span style=\"font-weight: 400\">El estilo del conjunto destaca por la fusi\u00f3n de elementos de inspiraci\u00f3n brit\u00e1nica, colonial y algunos elementos decorativos vinculados al modernismo. En su inicio contaba con cuatro pabellones separados por jardines: Casa Grande, Pabell\u00f3n de Poniente, Pabell\u00f3n de Levante y Pabell\u00f3n Norte. Casa Grande es el edificio principal, con tres niveles y una torrecilla que cuenta con mirador. Su planta en H le distingue de las dem\u00e1s estructuras, que cuentan con planta rectangular. Es conocido por su Sal\u00f3n de Chimeneas, ubicado en la primera planta. Los Pabellones de Poniente y Levante se encuentran a ambos lados del jard\u00edn central y albergaban habitaciones, suites y cuartos de ba\u00f1o de uso general. El Pabell\u00f3n Norte no ha llegado a nuestros d\u00edas, pero sabemos que en \u00e9l hab\u00eda zonas de ocio como salas de lectura o de billar, y zonas de servicio. En cuanto a los jardines es importante mencionar su influencia francesa, y la presencia de especies vegetales de territorios de dominio ingl\u00e9s, aunque tambi\u00e9n hab\u00eda especies aut\u00f3ctonas. La joya de los jardines era sin duda la Fuente de los Tritones.<\/span><\/p>\n<p><span style=\"font-weight: 400\">Tom\u00f3 el nombre de Hotel Col\u00f3n cuando la R\u00edo Tinto Company traslad\u00f3 sus oficinas al edificio. Posteriormente, en el siglo XX, pas\u00f3 a ser propiedad del Ayuntamiento de Huelva. Desde entonces, se emplea como auditorio, centro de exposiciones y destaca sobre todo la celebraci\u00f3n en sus instalaciones del Festival de Cine Iberoamericano de Huelva.\u00a0<\/span><\/p>\n<p><span style=\"font-weight: 400\">Si os ha picado la curiosidad y quer\u00e9is visitar el conjunto, Casa Col\u00f3n se ubica en la Plaza del Punto, y abre de lunes a s\u00e1bado de 10:00 a 14:00 h y de 17:00 a 20:00 h, y los domingos de 10:00 a 14:00 h. Espero que os haya resultado interesante conocer m\u00e1s sobre la arquitectura de la ciudad onubense. \u00a1Hasta la pr\u00f3xima!<\/span><\/p>\n<p>&nbsp;<\/p>\n<p><b>Referencias<\/b><\/p>\n<p><span style=\"font-weight: 400\">Ayuntamiento de Huelva (s.f.). <\/span><i><span style=\"font-weight: 400\">Casa Col\u00f3n \u2013 Turismo Huelva.<\/span><\/i><span style=\"font-weight: 400\"> https:\/\/turismo.huelva.es\/rutas-y-monumentos\/ruta-legado-britanico\/casa-colon\/<\/span><\/p>\n","protected":false},"excerpt":{"rendered":"<p>\u00a1Hola color\u00e1s y coloraos! En esta ocasi\u00f3n vengo a hablaros de Casa Col\u00f3n, el emblem\u00e1tico conjunto de edificios hist\u00f3ricos de Huelva. Esta ic\u00f3nica joya de la arquitectura onubense forma parte de la \u00e9poca dorada de su ciudad, que recibi\u00f3 a las personalidades que acud\u00edan al IV Centenario del Descubrimiento de Am\u00e9rica en 1892.\u00a0 Debido al [&hellip;]<\/p>\n","protected":false},"author":164,"featured_media":0,"comment_status":"open","ping_status":"open","sticky":false,"template":"","format":"standard","meta":{"_acf_changed":false,"_monsterinsights_skip_tracking":false,"_monsterinsights_sitenote_active":false,"_monsterinsights_sitenote_note":"","_monsterinsights_sitenote_category":0,"footnotes":""},"categories":[1,24,166,303,170,44],"tags":[55,99,178,64,346,19,377],"class_list":["post-10098","post","type-post","status-publish","format-standard","hentry","category-sin-categoria","category-conservacion-y-restauracion","category-historia-arqueologia","category-huelva","category-monumentos-y-turismo","category-patrimonio","tag-andalucia","tag-cultura","tag-museo","tag-patrimonio","tag-patrimoniocultural","tag-conservacion","tag-huelva"],"blocksy_meta":[],"acf":[],"jetpack_featured_media_url":"","_links":{"self":[{"href":"https:\/\/www.upo.es\/patio-colorado\/wp-json\/wp\/v2\/posts\/10098","targetHints":{"allow":["GET"]}}],"collection":[{"href":"https:\/\/www.upo.es\/patio-colorado\/wp-json\/wp\/v2\/posts"}],"about":[{"href":"https:\/\/www.upo.es\/patio-colorado\/wp-json\/wp\/v2\/types\/post"}],"author":[{"embeddable":true,"href":"https:\/\/www.upo.es\/patio-colorado\/wp-json\/wp\/v2\/users\/164"}],"replies":[{"embeddable":true,"href":"https:\/\/www.upo.es\/patio-colorado\/wp-json\/wp\/v2\/comments?post=10098"}],"version-history":[{"count":1,"href":"https:\/\/www.upo.es\/patio-colorado\/wp-json\/wp\/v2\/posts\/10098\/revisions"}],"predecessor-version":[{"id":10099,"href":"https:\/\/www.upo.es\/patio-colorado\/wp-json\/wp\/v2\/posts\/10098\/revisions\/10099"}],"wp:attachment":[{"href":"https:\/\/www.upo.es\/patio-colorado\/wp-json\/wp\/v2\/media?parent=10098"}],"wp:term":[{"taxonomy":"category","embeddable":true,"href":"https:\/\/www.upo.es\/patio-colorado\/wp-json\/wp\/v2\/categories?post=10098"},{"taxonomy":"post_tag","embeddable":true,"href":"https:\/\/www.upo.es\/patio-colorado\/wp-json\/wp\/v2\/tags?post=10098"}],"curies":[{"name":"wp","href":"https:\/\/api.w.org\/{rel}","templated":true}]}}