{"id":10106,"date":"2025-06-04T15:12:59","date_gmt":"2025-06-04T15:12:59","guid":{"rendered":"https:\/\/www.upo.es\/patio-colorado\/?p=10106"},"modified":"2025-06-04T15:12:59","modified_gmt":"2025-06-04T15:12:59","slug":"la-romeria-del-rocio-2025","status":"publish","type":"post","link":"https:\/\/www.upo.es\/patio-colorado\/2025\/06\/04\/la-romeria-del-rocio-2025\/","title":{"rendered":"La Romer\u00eda del Roc\u00edo 2025"},"content":{"rendered":"<p><span style=\"font-weight: 400\">En temporada alta de festividades, se ha inaugurado una de las fiestas m\u00e1s esperadas por los romeros y romeras: la Romer\u00eda del Roc\u00edo. Como cada a\u00f1o, las carretas recorrer\u00e1n las calles del Roc\u00edo visitando las casas y hermandades, que se llenan de peregrinos que cantan y bailan, en un momento donde religi\u00f3n y folclore se fusionan para dar lugar a una festividad muy completa y llena de tradici\u00f3n.\u00a0<\/span><\/p>\n<p><span style=\"font-weight: 400\">En esta fiesta, miles de peregrinos de multitud de pueblos emprenden su camino hasta la aldea de El Roc\u00edo para adorar a la Virgen, ya sea a pie, a caballo o en carretas. Las distintas hermandades realizan esta romer\u00eda junto a su Simpecado, que es una insignia o estandarte con la Virgen. Una vez llegan a la aldea, cada hermandad acude a la ermita en orden de antig\u00fcedad y comienzan los actos religiosos en honor a la Virgen.\u00a0<\/span><\/p>\n<p><span style=\"font-weight: 400\">El momento m\u00e1s esperado de esta festividad tiene lugar en la madrugada del Lunes de Pentecost\u00e9s, cuando, tras la aparici\u00f3n de la Hermandad de Almonte, los almonte\u00f1os salten la reja que les separa de la Virgen y la procesionen por la aldea.\u00a0<\/span><\/p>\n<p><strong>Un poco de historia<\/strong><\/p>\n<p><span style=\"font-weight: 400\">La leyenda cuenta que en el siglo XV un cazador (o un pastor) oriundo de Villamanrique, vio entre la maleza la imagen de una virgen sobre un olivo cerca de los matorrales de las marismas en el bosque de la Rocina, lugar donde se erigi\u00f3 la ermita que la acoge. Decidi\u00f3 cargar con la imagen hacia Almonte, pero se qued\u00f3 dormido y al despertar la imagen ya no estaba, pero cuando volvi\u00f3 al lugar donde la encontr\u00f3 descubri\u00f3 que la Virgen se encontraba ah\u00ed. Cuando regres\u00f3 a Almonte le cont\u00f3 a sus vecinos lo que hab\u00eda ocurrido, y fueron a comprobar que efectivamente era cierto, as\u00ed que decidieron llevarla al pueblo en procesi\u00f3n donde la guardaron mientras edificaban la ermita. Desde entonces fue venerada como la Virgen de Los Remedios o de Las Rocinas, pero a partir del siglo XVII fue proclamada Patrona de Almonte.\u00a0<\/span><\/p>\n<p><img loading=\"lazy\" decoding=\"async\" class=\"wp-image-10108 aligncenter\" src=\"https:\/\/www.upo.es\/patio-colorado\/wp-content\/uploads\/2025\/06\/Hallazgo_de_la_Virgen_del_Rocio-300x274.jpg\" alt=\"\" width=\"491\" height=\"448\" srcset=\"https:\/\/www.upo.es\/patio-colorado\/wp-content\/uploads\/2025\/06\/Hallazgo_de_la_Virgen_del_Rocio-300x274.jpg 300w, https:\/\/www.upo.es\/patio-colorado\/wp-content\/uploads\/2025\/06\/Hallazgo_de_la_Virgen_del_Rocio-768x702.jpg 768w, https:\/\/www.upo.es\/patio-colorado\/wp-content\/uploads\/2025\/06\/Hallazgo_de_la_Virgen_del_Rocio.jpg 984w\" sizes=\"auto, (max-width: 491px) 100vw, 491px\" \/><\/p>\n<p style=\"text-align: center\">Azulejo que representa el hallazgo de la <em>Virgen<\/em>\u00a0del\u00a0<em>Roc\u00edo<\/em>\u00a0en un \u00e1rbol por un cazador de\u00a0<em>Villamanrique<\/em>\u00a0de la Condesa en el siglo XIV.<\/p>\n<p>&nbsp;<\/p>\n<p><span style=\"font-weight: 400\">Tambi\u00e9n hay una leyenda que dice que\u00a0 en 1653 hubo una sequ\u00eda, y un vecino le pidi\u00f3 el milagro de la lluvia. Tras esto, comenz\u00f3 a llover y cay\u00f3 sobre la Virgen el roc\u00edo de la lluvia, por lo que fue nombrada como la conocemos hoy en d\u00eda: Nuestra Se\u00f1ora del Roc\u00edo y Reina de las Marismas.\u00a0<\/span><\/p>\n<p><span style=\"font-weight: 400\">Por otro lado, la historia narra que Alfonso X el Sabio mand\u00f3 en 1260 a construir la ermita de la Virgen en Las Rocinas donde se colocar\u00eda la imagen de la Virgen. Con el tiempo, la ermita fue evolucionando por las donaciones y un siglo despu\u00e9s se empez\u00f3 a asociar con el Esp\u00edritu Santo, llam\u00e1ndola as\u00ed la Blanca Paloma. <\/span><span style=\"font-weight: 400\">Como se puede observar, y aunque no est\u00e1 claro con certeza su origen, todas las leyendas son muy parecidas entre s\u00ed y son creaciones a posteriori de la imagen y de la propia ermita.\u00a0\u00a0<\/span><\/p>\n<p><span style=\"font-weight: 400\">Fue en el siglo XX, concretamente en 1918 cuando se aprob\u00f3 la coronaci\u00f3n de la Virgen del Roc\u00edo aprobada en Roma, gracias al can\u00f3nigo de la Catedral Juan Francisco Mu\u00f1oz y Pab\u00f3n. Despu\u00e9s de mucho esfuerzo, en 1919 y ante aproximadamente 25.000 personas, el Cardenal Almaraz ley\u00f3 la autorizaci\u00f3n pont\u00edfice, bendijo la corona y la deposit\u00f3 sobre la Virgen.\u00a0<\/span><\/p>\n<p><strong>Entonces, \u00bfcu\u00e1ndo se celebra la Romer\u00eda del Roc\u00edo?\u00a0<\/strong><\/p>\n<p><span style=\"font-weight: 400\">Este a\u00f1o se desarrollar\u00e1 desde el viernes 6 hasta el lunes 9 de junio. El viernes comenzar\u00e1 con la presentaci\u00f3n de las hermandades ante la Hermandad Matriz de Almonte, y el lunes se culminar\u00e1 con el salto de la reja por parte de la Hermandad de Almonte para sacar a la Virgen en procesi\u00f3n. Durante esa ma\u00f1ana, la Virgen recorrer\u00e1 las calles de la aldea visitando los simpecados de todas las hermandades.\u00a0<\/span><\/p>\n<p><img loading=\"lazy\" decoding=\"async\" class=\"wp-image-10109 aligncenter\" src=\"https:\/\/www.upo.es\/patio-colorado\/wp-content\/uploads\/2025\/06\/articulos-1340466-300x200.jpg\" alt=\"\" width=\"701\" height=\"468\" srcset=\"https:\/\/www.upo.es\/patio-colorado\/wp-content\/uploads\/2025\/06\/articulos-1340466-300x200.jpg 300w, https:\/\/www.upo.es\/patio-colorado\/wp-content\/uploads\/2025\/06\/articulos-1340466-1024x682.jpg 1024w, https:\/\/www.upo.es\/patio-colorado\/wp-content\/uploads\/2025\/06\/articulos-1340466-768x512.jpg 768w, https:\/\/www.upo.es\/patio-colorado\/wp-content\/uploads\/2025\/06\/articulos-1340466.jpg 1400w\" sizes=\"auto, (max-width: 701px) 100vw, 701px\" \/><\/p>\n<p style=\"text-align: center\">La Virgen del Roc\u00edo en su salida durante la Romer\u00eda el a\u00f1o pasado<\/p>\n<p>&nbsp;<\/p>\n<p><span style=\"font-weight: 400\">Las hermandades vienen de todos lugares, no solo de Andaluc\u00eda, sino de pueblos de toda Espa\u00f1a, atrayendo a m\u00e1s de un mill\u00f3n de peregrinos y 120 hermandades. Adem\u00e1s, hay hermandades que vienen de otros pa\u00edses, como la Hermandad de Nuestra Se\u00f1ora del Roc\u00edo de Bruselas, de Pa\u00edses Bajos.\u00a0<\/span><\/p>\n<p><span style=\"font-weight: 400\">En una mezcla de fe, historia, folclore y emoci\u00f3n, la Romer\u00eda del Roc\u00edo se convierte en una experiencia \u00fanica, donde lo espiritual y lo popular se dan la mano en un ambiente lleno de devoci\u00f3n y fe. Ya seas romero, devoto de la Blanca Paloma o simplemente un curioso que se acerca por primera vez, no te arrepentir\u00e1s de vivir esta experiencia tan enriquecedora. \u00a1Buen camino, color\u00e1s y coloraos!<\/span><\/p>\n<p><strong>Bibliograf\u00eda<\/strong><\/p>\n<p><span style=\"font-weight: 400\">Morales, R. (11 de mayo de 2025). <\/span><i><span style=\"font-weight: 400\">Cu\u00e1ndo empieza la Romer\u00eda del Roc\u00edo 2025: fechas, horarios y c\u00f3mo llegar a la aldea.<\/span><\/i><span style=\"font-weight: 400\"> El Correo de Andaluc\u00eda. <\/span><a href=\"https:\/\/www.elcorreoweb.es\/semana-santa\/2025\/05\/11\/empieza-romeria-rocio-2025-fechas-117267340.html\"><span style=\"font-weight: 400\">https:\/\/www.elcorreoweb.es\/semana-santa\/2025\/05\/11\/empieza-romeria-rocio-2025-fechas-117267340.html<\/span><\/a><\/p>\n<p><span style=\"font-weight: 400\">Redacci\u00f3n Sevilla (8 de junio de 2019<\/span><i><span style=\"font-weight: 400\">). Historia, tradici\u00f3n y leyenda de la Virgen del Roc\u00edo.<\/span><\/i><span style=\"font-weight: 400\"> La Vanguardia. <\/span><a href=\"https:\/\/www.lavanguardia.com\/local\/sevilla\/20190608\/462716708839\/virgen-del-rocio-2019-romeria-procesion-huelva-almonte-historia-tradicion-leyenda.html\"><span style=\"font-weight: 400\">https:\/\/www.lavanguardia.com\/local\/sevilla\/20190608\/462716708839\/virgen-del-rocio-2019-romeria-procesion-huelva-almonte-historia-tradicion-leyenda.html<\/span><\/a><\/p>\n<p><span style=\"font-weight: 400\">Virgen del Roc\u00edo. (2023) <\/span><i><span style=\"font-weight: 400\">Virgen del Roc\u00edo: historia, fotos, camino, romer\u00eda. <\/span><\/i><span style=\"font-weight: 400\">Virgen del Roc\u00edo. <\/span><a href=\"https:\/\/virgendelrocio.net\/\"><span style=\"font-weight: 400\">https:\/\/virgendelrocio.net\/<\/span><\/a><\/p>\n","protected":false},"excerpt":{"rendered":"<p>En temporada alta de festividades, se ha inaugurado una de las fiestas m\u00e1s esperadas por los romeros y romeras: la Romer\u00eda del Roc\u00edo. Como cada a\u00f1o, las carretas recorrer\u00e1n las calles del Roc\u00edo visitando las casas y hermandades, que se llenan de peregrinos que cantan y bailan, en un momento donde religi\u00f3n y folclore se [&hellip;]<\/p>\n","protected":false},"author":154,"featured_media":10107,"comment_status":"open","ping_status":"open","sticky":false,"template":"","format":"standard","meta":{"_acf_changed":false,"_monsterinsights_skip_tracking":false,"_monsterinsights_sitenote_active":false,"_monsterinsights_sitenote_note":"","_monsterinsights_sitenote_category":0,"footnotes":""},"categories":[35,403,303,23],"tags":[55,392,198,64,346],"class_list":["post-10106","post","type-post","status-publish","format-standard","has-post-thumbnail","hentry","category-fiestas-tradiciones","category-historias-y-mucho-mas","category-huelva","category-patrimonio-vivo","tag-andalucia","tag-elrocio","tag-fiestasytradiciones","tag-patrimonio","tag-patrimoniocultural"],"blocksy_meta":[],"acf":[],"jetpack_featured_media_url":"https:\/\/www.upo.es\/patio-colorado\/wp-content\/uploads\/2025\/06\/rocio-san-juan.jpg","_links":{"self":[{"href":"https:\/\/www.upo.es\/patio-colorado\/wp-json\/wp\/v2\/posts\/10106","targetHints":{"allow":["GET"]}}],"collection":[{"href":"https:\/\/www.upo.es\/patio-colorado\/wp-json\/wp\/v2\/posts"}],"about":[{"href":"https:\/\/www.upo.es\/patio-colorado\/wp-json\/wp\/v2\/types\/post"}],"author":[{"embeddable":true,"href":"https:\/\/www.upo.es\/patio-colorado\/wp-json\/wp\/v2\/users\/154"}],"replies":[{"embeddable":true,"href":"https:\/\/www.upo.es\/patio-colorado\/wp-json\/wp\/v2\/comments?post=10106"}],"version-history":[{"count":2,"href":"https:\/\/www.upo.es\/patio-colorado\/wp-json\/wp\/v2\/posts\/10106\/revisions"}],"predecessor-version":[{"id":10111,"href":"https:\/\/www.upo.es\/patio-colorado\/wp-json\/wp\/v2\/posts\/10106\/revisions\/10111"}],"wp:featuredmedia":[{"embeddable":true,"href":"https:\/\/www.upo.es\/patio-colorado\/wp-json\/wp\/v2\/media\/10107"}],"wp:attachment":[{"href":"https:\/\/www.upo.es\/patio-colorado\/wp-json\/wp\/v2\/media?parent=10106"}],"wp:term":[{"taxonomy":"category","embeddable":true,"href":"https:\/\/www.upo.es\/patio-colorado\/wp-json\/wp\/v2\/categories?post=10106"},{"taxonomy":"post_tag","embeddable":true,"href":"https:\/\/www.upo.es\/patio-colorado\/wp-json\/wp\/v2\/tags?post=10106"}],"curies":[{"name":"wp","href":"https:\/\/api.w.org\/{rel}","templated":true}]}}