{"id":10124,"date":"2025-06-07T12:56:25","date_gmt":"2025-06-07T12:56:25","guid":{"rendered":"https:\/\/www.upo.es\/patio-colorado\/?p=10124"},"modified":"2025-06-07T12:56:25","modified_gmt":"2025-06-07T12:56:25","slug":"desastres-naturales-en-andalucia-como-repercutio-en-nuestras-tierras","status":"publish","type":"post","link":"https:\/\/www.upo.es\/patio-colorado\/2025\/06\/07\/desastres-naturales-en-andalucia-como-repercutio-en-nuestras-tierras\/","title":{"rendered":"Desastres naturales en Andaluc\u00eda: \u00bfc\u00f3mo repercuti\u00f3 en nuestras tierras?"},"content":{"rendered":"<p><span style=\"font-weight: 400\">\u00a1Hola color\u00e1s y coloraos! \u00a1Aqu\u00ed est\u00e1 la segunda parte de los desastres naturales ocurridos en Andaluc\u00eda! Esta vez, vamos a tratar una noticia que tuvo repercusi\u00f3n por toda Andaluc\u00eda, una noticia que movi\u00f3 masas empujadas por la bondad. Esta vez, vamos a tratar el caso de la DANA en Andaluc\u00eda.<\/span><\/p>\n<p>&nbsp;<\/p>\n<p><span style=\"font-weight: 400\">Todos nos conmovimos viendo las noticias durante semanas y semanas al ver la destrucci\u00f3n provocada por este acontecimiento natural, la DANA. Lo que empez\u00f3 con lluvias intensas acab\u00f3 con uno de los mayores desastres naturales vividos en nuestro pa\u00eds.<\/span><\/p>\n<p><span style=\"font-weight: 400\">Cuando ocurri\u00f3 todo, el punto de mira fue principalmente la Comunidad Valenciana. Aunque fue, sin duda, catastr\u00f3fico en esa \u00e1rea, hoy venimos a contar c\u00f3mo se vivi\u00f3 en Andaluc\u00eda.<\/span><\/p>\n<p>&nbsp;<\/p>\n<p><span style=\"font-weight: 400\">Se considera que casi el 10% de Andaluc\u00eda vivi\u00f3 la DANA como desastre natural. Esto significa que 69 municipios fueron afectados gravemente, aunque fueron 285 los que se consideraron afectados. Las cifras podr\u00edan haber sido mucho m\u00e1s altas si no hubiera sido por los avisos que llegaron desde la Comunidad Valenciana. Gracias a ellos, los da\u00f1os producidos por este desastre natural fueron mucho menos de los esperados. Los sistemas de alerta funcionaron, esta vez.<\/span><\/p>\n<p><span style=\"font-weight: 400\">A\u00fan as\u00ed, hubo grandes destrozos y repercusiones muy da\u00f1inas. En M\u00e1laga y en la Axarqu\u00eda se encontraron toneladas de basura en las playas, adem\u00e1s de animales muertos. Las lluvias barrieron municipios de toda Andaluc\u00eda, los destrozos fueron notables. Hubo un solo<\/span><span style=\"font-weight: 400\"><br \/>\n<\/span><\/p>\n<p><span style=\"font-weight: 400\">fallecido y casi 2000 incidencias, y m\u00e1s de 4200 personas fueron desalojadas. Adem\u00e1s, se decret\u00f3 la suspensi\u00f3n escolar en 5 provincias. En resumen, la DANA en Andaluc\u00eda no se qued\u00f3 corta, los da\u00f1os provocados siguen lament\u00e1ndose a d\u00eda de hoy por muchas familias y en muchas localidades.<\/span><\/p>\n<p>&nbsp;<\/p>\n<p><span style=\"font-weight: 400\">La DANA fue una cat\u00e1strofe natural inolvidable debido al inesperado destrozo que produjo. Supuso un cambio en mucha gente, en muchos lugares, en muchas familias. Tambi\u00e9n fue, para algunos, la forma de vivir en primera persona el cambio clim\u00e1tico; para otros, la forma de valorar lo que antes ten\u00edan; y, para otros muchos, la forma de ver la fragilidad de la vida.<\/span><\/p>\n<p><span style=\"font-weight: 400\">En cualquier caso, la DANA produjo un cambio en todos.<\/span><\/p>\n<p><span style=\"font-weight: 400\">Fue una manera de unir al pa\u00eds en un sentimiento, en la empat\u00eda. Miles de personas se desplazaron para ayudar en los municipios m\u00e1s afectados, muchos donaron materiales \u00fatiles para la limpieza, alimentos y dinero para comprar lo necesario. Un gran n\u00famero de familias acogieron a personas que se quedaron sin hogar, las protegieron y las cuidaron.<\/span><\/p>\n<p><span style=\"font-weight: 400\">Esta experiencia catastr\u00f3fica y traum\u00e1tica sac\u00f3 lo mejor que muchos llevamos dentro e hizo que la masa se moviera para ayudar a aquellos que lo necesitaban, a vecinos, amigos, familiares, o completos extra\u00f1os: todos los que pudieron ayudaron a aquellos que lo necesitaron.<\/span><\/p>\n","protected":false},"excerpt":{"rendered":"<p>\u00a1Hola color\u00e1s y coloraos! \u00a1Aqu\u00ed est\u00e1 la segunda parte de los desastres naturales ocurridos en Andaluc\u00eda! Esta vez, vamos a tratar una noticia que tuvo repercusi\u00f3n por toda Andaluc\u00eda, una noticia que movi\u00f3 masas empujadas por la bondad. Esta vez, vamos a tratar el caso de la DANA en Andaluc\u00eda. &nbsp; Todos nos conmovimos viendo [&hellip;]<\/p>\n","protected":false},"author":155,"featured_media":10125,"comment_status":"open","ping_status":"open","sticky":false,"template":"","format":"standard","meta":{"_acf_changed":false,"_monsterinsights_skip_tracking":false,"_monsterinsights_sitenote_active":false,"_monsterinsights_sitenote_note":"","_monsterinsights_sitenote_category":0,"footnotes":""},"categories":[1],"tags":[55,1153,1154],"class_list":["post-10124","post","type-post","status-publish","format-standard","has-post-thumbnail","hentry","category-sin-categoria","tag-andalucia","tag-dana","tag-desastres-naturales"],"blocksy_meta":[],"acf":[],"jetpack_featured_media_url":"https:\/\/www.upo.es\/patio-colorado\/wp-content\/uploads\/2025\/06\/imagen-martina-2.jpg","_links":{"self":[{"href":"https:\/\/www.upo.es\/patio-colorado\/wp-json\/wp\/v2\/posts\/10124","targetHints":{"allow":["GET"]}}],"collection":[{"href":"https:\/\/www.upo.es\/patio-colorado\/wp-json\/wp\/v2\/posts"}],"about":[{"href":"https:\/\/www.upo.es\/patio-colorado\/wp-json\/wp\/v2\/types\/post"}],"author":[{"embeddable":true,"href":"https:\/\/www.upo.es\/patio-colorado\/wp-json\/wp\/v2\/users\/155"}],"replies":[{"embeddable":true,"href":"https:\/\/www.upo.es\/patio-colorado\/wp-json\/wp\/v2\/comments?post=10124"}],"version-history":[{"count":1,"href":"https:\/\/www.upo.es\/patio-colorado\/wp-json\/wp\/v2\/posts\/10124\/revisions"}],"predecessor-version":[{"id":10126,"href":"https:\/\/www.upo.es\/patio-colorado\/wp-json\/wp\/v2\/posts\/10124\/revisions\/10126"}],"wp:featuredmedia":[{"embeddable":true,"href":"https:\/\/www.upo.es\/patio-colorado\/wp-json\/wp\/v2\/media\/10125"}],"wp:attachment":[{"href":"https:\/\/www.upo.es\/patio-colorado\/wp-json\/wp\/v2\/media?parent=10124"}],"wp:term":[{"taxonomy":"category","embeddable":true,"href":"https:\/\/www.upo.es\/patio-colorado\/wp-json\/wp\/v2\/categories?post=10124"},{"taxonomy":"post_tag","embeddable":true,"href":"https:\/\/www.upo.es\/patio-colorado\/wp-json\/wp\/v2\/tags?post=10124"}],"curies":[{"name":"wp","href":"https:\/\/api.w.org\/{rel}","templated":true}]}}