{"id":10130,"date":"2025-06-07T13:00:39","date_gmt":"2025-06-07T13:00:39","guid":{"rendered":"https:\/\/www.upo.es\/patio-colorado\/?p=10130"},"modified":"2025-06-07T13:00:39","modified_gmt":"2025-06-07T13:00:39","slug":"la-ola-de-calor-del-2003-hemos-aprendido-algo-de-ella","status":"publish","type":"post","link":"https:\/\/www.upo.es\/patio-colorado\/2025\/06\/07\/la-ola-de-calor-del-2003-hemos-aprendido-algo-de-ella\/","title":{"rendered":"La ola de calor del 2003 \u00bfhemos aprendido algo de ella?"},"content":{"rendered":"<p><span style=\"font-weight: 400\">\u00a1Hola color\u00e1s y coloraos! \u00a1Aqu\u00ed est\u00e1 la cuarta parte de los desastres naturales ocurridos en Andaluc\u00eda! Hoy, vamos a tratar un asunto que cada vez se est\u00e1 convirtiendo m\u00e1s en nuestro d\u00eda a d\u00eda durante los meses de verano. En esta entrada, vamos a tratar la ola de calor de 2003 y la situaci\u00f3n actual respecto a las altas temperaturas veraniegas en Espa\u00f1a, y espec\u00edficamente en Andaluc\u00eda.<\/span><\/p>\n<p>&nbsp;<\/p>\n<p><span style=\"font-weight: 400\">En agosto de 2003 ocurri\u00f3 una ola de calor que fue considerada la m\u00e1s intensa del \u00faltimo siglo, en toda Europa. Se piensa que esta ola de calor es, a nivel europeo, la causante de 35000 fallecimientos. De estos, se calcula que unos 12900 eran espa\u00f1oles, seg\u00fan el Ministerio de Sanidad. Sin embargo, hubo otras asociaciones que calculaban n\u00fameros menos elevados. Estas muertes se deb\u00edan al golpe de calor y a la deshidrataci\u00f3n que se vivi\u00f3 durante ese verano. Fue una situaci\u00f3n cr\u00edtica para toda Espa\u00f1a, la situaci\u00f3n se volvi\u00f3 insostenible debido al calor abrasante.<\/span><\/p>\n<p><span style=\"font-weight: 400\">Las temperaturas subieron estrepitosamente superando, en muchos casos, los 40 e incluso los 45 grados. Los registros atribuyen al municipio de La Rambla en C\u00f3rdoba la temperatura m\u00e1s alta de Espa\u00f1a con 47,6 grados.\u00a0<\/span><\/p>\n<p><span style=\"font-weight: 400\">La AEMET registr\u00f3 las olas de calor m\u00e1s destacadas desde 1975. Entre ellas, aparte de encontrarse la ola de calor del 2003 (que destac\u00f3 por el \u00edndice de mortalidad que super\u00f3 con creces al resto de olas de calor mencionadas), encontramos la de 2015 (que destac\u00f3 por su duraci\u00f3n: 26 d\u00edas de un calor abrasante) y la de 2019.<\/span><\/p>\n<p>&nbsp;<\/p>\n<p><span style=\"font-weight: 400\">\u00bfQu\u00e9 ha cambiado con respecto a la ola de calor del 2003? \u00bfHemos aprendido algo al respecto? Actualmente, todos los andaluces sufrimos un calor insoportable todos los veranos, y cada vez se hace m\u00e1s dif\u00edcil de sobrellevar. Cada a\u00f1o, vemos como las temperaturas suben m\u00e1s y m\u00e1s durante los meses de verano, y duran m\u00e1s tiempo. Esto se debe a que el cambio clim\u00e1tico es cada vez m\u00e1s notable e imposible de negar. Las cat\u00e1strofes naturales, las temperaturas altas y bajas se extreman sin parar, haciendo que se pierda la esperanza de conseguir un cambio tangible, f\u00edsico.\u00a0<\/span><\/p>\n<p><span style=\"font-weight: 400\">La actividad humana es la principal causante de la concentraci\u00f3n de los gases invernaderos, lo que provoca el cambio clim\u00e1tico. Todos sufrimos las consecuencias de alguna forma u otra. En Espa\u00f1a, y en Andaluc\u00eda espec\u00edficamente, nos encontramos con la subida de las temperaturas que, a veces se transforma en una ola de calor insoportable, como la del 2003. Por ello, todos tenemos la responsabilidad de cuidar del medioambiente para que esto no contin\u00fae. A\u00fan est\u00e1 en nuestras manos frenar el aumento de temperaturas tan altas y olas de calor veraniegas.<\/span><\/p>\n","protected":false},"excerpt":{"rendered":"<p>\u00a1Hola color\u00e1s y coloraos! \u00a1Aqu\u00ed est\u00e1 la cuarta parte de los desastres naturales ocurridos en Andaluc\u00eda! Hoy, vamos a tratar un asunto que cada vez se est\u00e1 convirtiendo m\u00e1s en nuestro d\u00eda a d\u00eda durante los meses de verano. En esta entrada, vamos a tratar la ola de calor de 2003 y la situaci\u00f3n actual [&hellip;]<\/p>\n","protected":false},"author":155,"featured_media":10131,"comment_status":"open","ping_status":"open","sticky":false,"template":"","format":"standard","meta":{"_acf_changed":false,"_monsterinsights_skip_tracking":false,"_monsterinsights_sitenote_active":false,"_monsterinsights_sitenote_note":"","_monsterinsights_sitenote_category":0,"footnotes":""},"categories":[1],"tags":[55,1154,1156],"class_list":["post-10130","post","type-post","status-publish","format-standard","has-post-thumbnail","hentry","category-sin-categoria","tag-andalucia","tag-desastres-naturales","tag-ola-de-calor-2003"],"blocksy_meta":[],"acf":[],"jetpack_featured_media_url":"https:\/\/www.upo.es\/patio-colorado\/wp-content\/uploads\/2025\/06\/imagen-martina-4.jpg","_links":{"self":[{"href":"https:\/\/www.upo.es\/patio-colorado\/wp-json\/wp\/v2\/posts\/10130","targetHints":{"allow":["GET"]}}],"collection":[{"href":"https:\/\/www.upo.es\/patio-colorado\/wp-json\/wp\/v2\/posts"}],"about":[{"href":"https:\/\/www.upo.es\/patio-colorado\/wp-json\/wp\/v2\/types\/post"}],"author":[{"embeddable":true,"href":"https:\/\/www.upo.es\/patio-colorado\/wp-json\/wp\/v2\/users\/155"}],"replies":[{"embeddable":true,"href":"https:\/\/www.upo.es\/patio-colorado\/wp-json\/wp\/v2\/comments?post=10130"}],"version-history":[{"count":1,"href":"https:\/\/www.upo.es\/patio-colorado\/wp-json\/wp\/v2\/posts\/10130\/revisions"}],"predecessor-version":[{"id":10132,"href":"https:\/\/www.upo.es\/patio-colorado\/wp-json\/wp\/v2\/posts\/10130\/revisions\/10132"}],"wp:featuredmedia":[{"embeddable":true,"href":"https:\/\/www.upo.es\/patio-colorado\/wp-json\/wp\/v2\/media\/10131"}],"wp:attachment":[{"href":"https:\/\/www.upo.es\/patio-colorado\/wp-json\/wp\/v2\/media?parent=10130"}],"wp:term":[{"taxonomy":"category","embeddable":true,"href":"https:\/\/www.upo.es\/patio-colorado\/wp-json\/wp\/v2\/categories?post=10130"},{"taxonomy":"post_tag","embeddable":true,"href":"https:\/\/www.upo.es\/patio-colorado\/wp-json\/wp\/v2\/tags?post=10130"}],"curies":[{"name":"wp","href":"https:\/\/api.w.org\/{rel}","templated":true}]}}