{"id":10133,"date":"2025-06-07T13:02:27","date_gmt":"2025-06-07T13:02:27","guid":{"rendered":"https:\/\/www.upo.es\/patio-colorado\/?p=10133"},"modified":"2025-06-07T13:02:27","modified_gmt":"2025-06-07T13:02:27","slug":"los-linces-ibericos-se-extinguen-que-hacemos-nosotros","status":"publish","type":"post","link":"https:\/\/www.upo.es\/patio-colorado\/2025\/06\/07\/los-linces-ibericos-se-extinguen-que-hacemos-nosotros\/","title":{"rendered":"Los linces ib\u00e9ricos se extinguen, \u00bfqu\u00e9 hacemos nosotros?"},"content":{"rendered":"<p><span style=\"font-weight: 400\">\u00a1Hola color\u00e1s y coloraos! \u00a1Aqu\u00ed est\u00e1 la quinta parte de desastres naturales ocurridos en Andaluc\u00eda! Hoy, vamos a tratar un tipo de desastre natural completamente diferente. El tema de hoy va a ser la extinci\u00f3n de los linces ib\u00e9ricos en Andaluc\u00eda, y c\u00f3mo poco a poco est\u00e1n volviendo a incrementar su poblaci\u00f3n.\u00a0<\/span><\/p>\n<p>&nbsp;<\/p>\n<p><span style=\"font-weight: 400\">Hemos mencionado, en las otras entradas de los desastres naturales ocurridos en Andaluc\u00eda, varias veces caracter\u00edsticas propias de nuestra tierra. Hemos tratado nuestros maravillosos parques naturales, nuestro buen coraz\u00f3n y empat\u00eda, y nuestra fortaleza. Sin embargo, una de los aspectos que a\u00fan no hemos tratado es la fauna que se encuentra aqu\u00ed, en Andaluc\u00eda.\u00a0<\/span><\/p>\n<p><span style=\"font-weight: 400\">Los linces ib\u00e9ricos, a pesar de que se encuentran en varios lugares de Espa\u00f1a, son m\u00e1s comunes en Andaluc\u00eda. Son unos animales majestuosos, elegantes y admirables. Son parte de nuestra tierra.\u00a0<\/span><\/p>\n<p><span style=\"font-weight: 400\">A pesar de ello, durante d\u00e9cadas han ido extingui\u00e9ndose. Se convirti\u00f3, a principios del siglo XXI, en el segundo mam\u00edfero m\u00e1s amenazado del mundo; quedando solo 94 ejemplares. Una de las causas de esta tragedia son los atropellos de coches a estos animales. Muchos de los responsables se dan a la fuga, y algunos pocos piden ayuda. 144 de los 189 muertes de los linces son a causa de atropello. Las causas restantes son la caza ilegal y la reducci\u00f3n de su presa principal, el conejo.\u00a0<\/span><\/p>\n<p>&nbsp;<\/p>\n<p><span style=\"font-weight: 400\">Poco a poco los linces van consiguiendo aumentar en n\u00famero, dejando as\u00ed de considerarse extintos. Sin embargo, a\u00fan queda un largo camino ya que los linces siguen siendo atropellados continuamente, muriendo la mayor\u00eda en el acto. Y, los que no mueren en el acto, al no ser ayudados fallecen al poco tiempo.\u00a0<\/span><\/p>\n<p><span style=\"font-weight: 400\">Para que los linces dejen de considerarse extintos, deben de tener entre 3000 y 3500 ejemplares (siendo 750 hembras como m\u00ednimo). Por ello, debemos ayudar a los ejemplares que a\u00fan comparten tierra con nosotros.\u00a0<\/span><\/p>\n<p>&nbsp;<\/p>\n<p><span style=\"font-weight: 400\">Andaluc\u00eda es tan suya como nuestra, no podemos dejar que se vayan extinguiendo poco a poco ya que perder\u00edamos uno de los animales m\u00e1s simb\u00f3licos de Espa\u00f1a, y de Andaluc\u00eda. Todos los andaluces nos sentimos orgullosos de ser de donde somos, de ser parte de esta maravillosa cultura. \u00bfAcaso no son ellos tan dignos como nosotros de ser parte de nuestra tierra? Cada ejemplar de lince ib\u00e9rico que perviva va a ser parte de nosotros, y por ello, debemos ayudarles a que sigan persistiendo.<\/span><\/p>\n","protected":false},"excerpt":{"rendered":"<p>\u00a1Hola color\u00e1s y coloraos! \u00a1Aqu\u00ed est\u00e1 la quinta parte de desastres naturales ocurridos en Andaluc\u00eda! Hoy, vamos a tratar un tipo de desastre natural completamente diferente. El tema de hoy va a ser la extinci\u00f3n de los linces ib\u00e9ricos en Andaluc\u00eda, y c\u00f3mo poco a poco est\u00e1n volviendo a incrementar su poblaci\u00f3n.\u00a0 &nbsp; Hemos mencionado, [&hellip;]<\/p>\n","protected":false},"author":155,"featured_media":10134,"comment_status":"open","ping_status":"open","sticky":false,"template":"","format":"standard","meta":{"_acf_changed":false,"_monsterinsights_skip_tracking":false,"_monsterinsights_sitenote_active":false,"_monsterinsights_sitenote_note":"","_monsterinsights_sitenote_category":0,"footnotes":""},"categories":[1],"tags":[55,1154,1157],"class_list":["post-10133","post","type-post","status-publish","format-standard","has-post-thumbnail","hentry","category-sin-categoria","tag-andalucia","tag-desastres-naturales","tag-linces-ibericos"],"blocksy_meta":[],"acf":[],"jetpack_featured_media_url":"https:\/\/www.upo.es\/patio-colorado\/wp-content\/uploads\/2025\/06\/imagen-martina-5.webp","_links":{"self":[{"href":"https:\/\/www.upo.es\/patio-colorado\/wp-json\/wp\/v2\/posts\/10133","targetHints":{"allow":["GET"]}}],"collection":[{"href":"https:\/\/www.upo.es\/patio-colorado\/wp-json\/wp\/v2\/posts"}],"about":[{"href":"https:\/\/www.upo.es\/patio-colorado\/wp-json\/wp\/v2\/types\/post"}],"author":[{"embeddable":true,"href":"https:\/\/www.upo.es\/patio-colorado\/wp-json\/wp\/v2\/users\/155"}],"replies":[{"embeddable":true,"href":"https:\/\/www.upo.es\/patio-colorado\/wp-json\/wp\/v2\/comments?post=10133"}],"version-history":[{"count":1,"href":"https:\/\/www.upo.es\/patio-colorado\/wp-json\/wp\/v2\/posts\/10133\/revisions"}],"predecessor-version":[{"id":10135,"href":"https:\/\/www.upo.es\/patio-colorado\/wp-json\/wp\/v2\/posts\/10133\/revisions\/10135"}],"wp:featuredmedia":[{"embeddable":true,"href":"https:\/\/www.upo.es\/patio-colorado\/wp-json\/wp\/v2\/media\/10134"}],"wp:attachment":[{"href":"https:\/\/www.upo.es\/patio-colorado\/wp-json\/wp\/v2\/media?parent=10133"}],"wp:term":[{"taxonomy":"category","embeddable":true,"href":"https:\/\/www.upo.es\/patio-colorado\/wp-json\/wp\/v2\/categories?post=10133"},{"taxonomy":"post_tag","embeddable":true,"href":"https:\/\/www.upo.es\/patio-colorado\/wp-json\/wp\/v2\/tags?post=10133"}],"curies":[{"name":"wp","href":"https:\/\/api.w.org\/{rel}","templated":true}]}}