{"id":10155,"date":"2025-06-08T11:00:33","date_gmt":"2025-06-08T11:00:33","guid":{"rendered":"https:\/\/www.upo.es\/patio-colorado\/?p=10155"},"modified":"2025-06-07T23:08:52","modified_gmt":"2025-06-07T23:08:52","slug":"quien-se-fue-a-sevilla-perdio-su-silla-o-como-saber-si-el-dicho-esta-vigente-parte-3","status":"publish","type":"post","link":"https:\/\/www.upo.es\/patio-colorado\/2025\/06\/08\/quien-se-fue-a-sevilla-perdio-su-silla-o-como-saber-si-el-dicho-esta-vigente-parte-3\/","title":{"rendered":"Quien se fue a Sevilla perdi\u00f3 su silla o c\u00f3mo saber si el dicho est\u00e1 vigente (PARTE 3)"},"content":{"rendered":"<p><span style=\"font-weight: 400\">\u00a1Hola, coloraos y color\u00e1s! En esta \u00faltima parte comprobaremos los frutos del Plan REAVIVA que pese a estar recogido en el Plan Estrat\u00e9gico Sevilla 2030 y por tanto considerarse un proyecto de larga duraci\u00f3n, desde 2018 ha ido poco a poco cambiando el mapa de la ciudad.\u00a0<\/span><\/p>\n<p><span style=\"font-weight: 400\">Algunas de estas mejoras son: la nueva imagen de la Plaza del Olivo en la Macarena (al convertirse en 2021 tras cinco meses de obras un descampado en una zona de juegos infantiles, deportes y zona verde para descansar), el proyecto para regenerar el Paseo de la O y conectarlo con la calle Betis (sacada a concurso la contrataci\u00f3n para las obras en 2022) o la calle Ba\u00f1os (cuyas obras de saneamiento e iluminaci\u00f3n finalizaron en 2020), entre otras.\u00a0<\/span><\/p>\n<p><span style=\"font-weight: 400\">Foto a\u00e9rea de la nueva Plaza del Olivo en la Macarena.<\/span><\/p>\n<p><img loading=\"lazy\" decoding=\"async\" class=\"alignnone size-full wp-image-10157\" src=\"https:\/\/www.upo.es\/patio-colorado\/wp-content\/uploads\/2025\/06\/plaza-olivo.jpg\" alt=\"\" width=\"300\" height=\"168\" \/><\/p>\n<p><span style=\"font-weight: 400\">Localizaci\u00f3n en el mapa de la c\u00e9ntrica calle reformada<\/span><\/p>\n<p><img loading=\"lazy\" decoding=\"async\" class=\"alignnone size-full wp-image-10156\" src=\"https:\/\/www.upo.es\/patio-colorado\/wp-content\/uploads\/2025\/06\/banos.png\" alt=\"\" width=\"282\" height=\"179\" \/><\/p>\n<p><span style=\"font-weight: 400\">Sin embargo, el proyecto a\u00fan no ha finalizado ya que sus objetivos iniciales eran bastante ambiciosos como podemos comprobar en el listado que sigue donde adem\u00e1s he querido recoger el estado de algunos de los proyectos restantes del mismo plan REAVIVA.\u00a0<\/span><\/p>\n<p><b>LOS REMEDIOS<\/b><\/p>\n<p><span style=\"font-weight: 400\">&#8211; Camino escolar C\/Antonio Bienvenida (pese a instalarse nuevo acerado, en una sesi\u00f3n posterior del distrito se tuvo que aprobar la colocaci\u00f3n de sombra natural o artificial en 2020).\u00a0<\/span><\/p>\n<p><b>SUR<\/b><\/p>\n<p><span style=\"font-weight: 400\">&#8211; Camino escolar Ronda Ntra. Sra. de la Oliva (proyecto complejo pero vital que pretend\u00eda poner freno a los problemas de movilidad y al riesgo de atropello existente para los ni\u00f1os que iban a los distintos centros educativos de la zona).\u00a0<\/span><\/p>\n<p><img loading=\"lazy\" decoding=\"async\" class=\"alignnone size-medium wp-image-10159\" src=\"https:\/\/www.upo.es\/patio-colorado\/wp-content\/uploads\/2025\/06\/oliva-219x300.webp\" alt=\"\" width=\"219\" height=\"300\" srcset=\"https:\/\/www.upo.es\/patio-colorado\/wp-content\/uploads\/2025\/06\/oliva-219x300.webp 219w, https:\/\/www.upo.es\/patio-colorado\/wp-content\/uploads\/2025\/06\/oliva-749x1024.webp 749w, https:\/\/www.upo.es\/patio-colorado\/wp-content\/uploads\/2025\/06\/oliva-768x1050.webp 768w, https:\/\/www.upo.es\/patio-colorado\/wp-content\/uploads\/2025\/06\/oliva-1123x1536.webp 1123w, https:\/\/www.upo.es\/patio-colorado\/wp-content\/uploads\/2025\/06\/oliva-1498x2048.webp 1498w, https:\/\/www.upo.es\/patio-colorado\/wp-content\/uploads\/2025\/06\/oliva.webp 1600w\" sizes=\"auto, (max-width: 219px) 100vw, 219px\" \/><\/p>\n<p><b>SAN PABLO-STA.JUSTA<\/b><\/p>\n<p><span style=\"font-weight: 400\">&#8211; Plaza Pedro Vallina (pese a las quejas de los vecinos el proyecto sigue parado cinco a\u00f1os despu\u00e9s de su redacci\u00f3n).\u00a0<\/span><\/p>\n<p><img loading=\"lazy\" decoding=\"async\" class=\"alignnone size-medium wp-image-10160\" src=\"https:\/\/www.upo.es\/patio-colorado\/wp-content\/uploads\/2025\/06\/santa-justa-300x169.webp\" alt=\"\" width=\"300\" height=\"169\" srcset=\"https:\/\/www.upo.es\/patio-colorado\/wp-content\/uploads\/2025\/06\/santa-justa-300x169.webp 300w, https:\/\/www.upo.es\/patio-colorado\/wp-content\/uploads\/2025\/06\/santa-justa-1024x576.webp 1024w, https:\/\/www.upo.es\/patio-colorado\/wp-content\/uploads\/2025\/06\/santa-justa-768x432.webp 768w, https:\/\/www.upo.es\/patio-colorado\/wp-content\/uploads\/2025\/06\/santa-justa-1536x864.webp 1536w, https:\/\/www.upo.es\/patio-colorado\/wp-content\/uploads\/2025\/06\/santa-justa.webp 1600w\" sizes=\"auto, (max-width: 300px) 100vw, 300px\" \/><\/p>\n<p><b>-ESTE-ALCOSA-TORREBLANCA<\/b><\/p>\n<p><span style=\"font-weight: 400\">&#8211; Plaza entre H\u00e9lice y Fuselaje (futura plaza del ficus)<\/span><\/p>\n<p><b>NORTE<\/b><\/p>\n<p><span style=\"font-weight: 400\">&#8211; Bulevar Los Mares. Pasaje Virgen de la Consolaci\u00f3n (el proyecto fue adjudicado en 2023 a la empresa EMASESA y est\u00e1 financiado por fondos europeos).\u00a0<\/span><\/p>\n<p><b>CERRO-AMATE<\/b><\/p>\n<p><span style=\"font-weight: 400\">&#8211; Accesibilidad C\/Enrique Granados (Las obras del pavimento comenzaron en 2019).<\/span><\/p>\n<p><b>NERVI\u00d3N<\/b><\/p>\n<p><span style=\"font-weight: 400\">&#8211; Parque Blanco White (finalizado).<\/span><\/p>\n<p><img loading=\"lazy\" decoding=\"async\" class=\"alignnone size-full wp-image-10161\" src=\"https:\/\/www.upo.es\/patio-colorado\/wp-content\/uploads\/2025\/06\/parque.jpg\" alt=\"\" width=\"259\" height=\"194\" \/><\/p>\n<p><b>BELLAVISTA-LA PALMERA<\/b><\/p>\n<p><span style=\"font-weight: 400\">&#8211; Calle Tarfia (realizada reorganizaci\u00f3n del acerado).<\/span><\/p>\n<p><span style=\"font-weight: 400\">Esta era solo la primera fase del Plan: 1 proyecto por distrito, el que se dio a conocer que era m\u00e1s urgente a trav\u00e9s de participaci\u00f3n ciudadana. Habr\u00e1 que esperar a 2030 para conocer las siguientes fases que de seguro querr\u00e1n continuar con los objetivos de cercan\u00eda y habitabilidad.\u00a0<\/span><\/p>\n<p><span style=\"font-weight: 400\">Nos vemos en la siguiente entrada y esperemos que el dicho de quien se fue a Sevilla perdi\u00f3 su silla no siga siendo causa de la gentrificaci\u00f3n y la aceleraci\u00f3n de nuestros tiempos. \u00a1Hasta pronto!<\/span><\/p>\n<p><b>Bibliograf\u00eda<\/b><\/p>\n<p><span style=\"font-weight: 400\">Ayuntamiento de Sevilla.\u00a0 (05\/02\/2018). Comienza a aplicarse el Plan Reaviva, un modelo de intervenci\u00f3n en los espacios p\u00fablicos con la participaci\u00f3n activa de los ciudadanos en el dise\u00f1o, ejecuci\u00f3n y evaluaci\u00f3n de las actuaciones. <\/span><i><span style=\"font-weight: 400\">Gerencia de Urbanismo y Medio Ambiente.<\/span><\/i> <a href=\"https:\/\/www.urbanismosevilla.org\/noticias\/comienza-a-aplicarse-el-plan-reaviva-un-modelo-de-intervencion-en-los-espacios-publicos-con-la-participacion-activa-de-los-ciudadanos-en-el-diseno-ejecucion-y-evaluacion-de-las-actuaciones\"><span style=\"font-weight: 400\">https:\/\/www.urbanismosevilla.org\/noticias\/comienza-a-aplicarse-el-plan-reaviva-un-modelo-de-intervencion-en-los-espacios-publicos-con-la-participacion-activa-de-los-ciudadanos-en-el-diseno-ejecucion-y-evaluacion-de-las-actuaciones<\/span><\/a><\/p>\n<p><span style=\"font-weight: 400\">Ayuntamiento de Sevilla.\u00a0 (19\/08\/2018). El Ayuntamiento inicia los trabajos de la reordenaci\u00f3n de la Calle Tarfia, en el Distrito Bellavista-La Palmera. <\/span><i><span style=\"font-weight: 400\">Gerencia de Urbanismo y Medio Ambiente.<\/span><\/i> <a href=\"https:\/\/www.sevilla.org\/ayuntamiento\/alcaldia\/comunicacion\/noticias\/ayuntamiento-reordenacion-de-la-calle-tarfia-en-el-distrito-bellavista-la-palmera\"><i><span style=\"font-weight: 400\">https:\/\/www.sevilla.org\/ayuntamiento\/alcaldia\/comunicacion\/noticias\/ayuntamiento-reordenacion-de-la-calle-tarfia-en-el-distrito-bellavista-la-palmera<\/span><\/i><\/a><\/p>\n<p><span style=\"font-weight: 400\">Ayuntamiento de Sevilla.\u00a0 (26\/10\/2023). El Proyecto para regenerar el Paseo de la O y conectarlo con la calle Betis avanza un nuevo paso de cara a la pr\u00f3xima convocatoria del concurso para contratar las obras. <\/span><i><span style=\"font-weight: 400\">Gerencia de Urbanismo y Medio Ambiente.<\/span><\/i> <a href=\"https:\/\/www.urbanismosevilla.org\/noticias\/la-aprobacion-por-la-consejeria-de-fomento-del-proyecto-para-regenerar-el-paseo-de-la-o-y-conectarlo-con-la-calle-betis-en-cuya-financiacion-participa-abre-la-puerta-a-la-firma-del-convenio-de-colaboracion-entre-ambas-administraciones-a-la-licitacion-d\"><span style=\"font-weight: 400\">https:\/\/www.urbanismosevilla.org\/noticias\/la-aprobacion-por-la-consejeria-de-fomento-del-proyecto-para-regenerar-el-paseo-de-la-o-y-conectarlo-con-la-calle-betis-en-cuya-financiacion-participa-abre-la-puerta-a-la-firma-del-convenio-de-colaboracion-entre-ambas-administraciones-a-la-licitacion-d<\/span><\/a><\/p>\n<p><span style=\"font-weight: 400\">Ayuntamiento de Sevilla. (S. F.). Informaci\u00f3n Urban\u00edstica. <\/span><i><span style=\"font-weight: 400\">Portal de Transparencia. <\/span><\/i><a href=\"https:\/\/www.sevilla.org\/transparencia\/informacion-urbanistica\"><i><span style=\"font-weight: 400\">https:\/\/www.sevilla.org\/transparencia\/informacion-urbanistica<\/span><\/i><\/a><\/p>\n<p><span style=\"font-weight: 400\">Ayuntamiento de Sevilla.\u00a0 (03\/05\/2021). La nueva imagen de la Plaza del Olivo ya es una realidad. <\/span><i><span style=\"font-weight: 400\">Gerencia de Urbanismo y Medio Ambiente. <\/span><\/i><a href=\"https:\/\/www.urbanismosevilla.org\/noticias\/la-plaza-del-olivo-a-un-mes-del-final-de-sus-obras\"><span style=\"font-weight: 400\">https:\/\/www.urbanismosevilla.org\/noticias\/la-plaza-del-olivo-a-un-mes-del-final-de-sus-obras<\/span><\/a><\/p>\n<p><span style=\"font-weight: 400\">Ayuntamiento de Sevilla.\u00a0 (S.F.). Parque Blanco White Terminado. <\/span><i><span style=\"font-weight: 400\">Gerencia de Urbanismo y Medio Ambiente.<\/span><\/i> <a href=\"https:\/\/www.urbanismosevilla.org\/ficheros\/imagenes\/parque-blanco-white-terminado\"><i><span style=\"font-weight: 400\">https:\/\/www.urbanismosevilla.org\/ficheros\/imagenes\/parque-blanco-white-terminado<\/span><\/i><\/a><\/p>\n<p><span style=\"font-weight: 400\">Ayuntamiento de Sevilla. (05\/02\/2018). Plan de microactuaciones de Mejora Urbana de Sevilla: REAVIVA. <\/span><a href=\"https:\/\/www.sevilla.org\/ayuntamiento\/alcaldia\/comunicacion\/noticias\/plan-de-microactuaciones-de-mejora-urbana-de-sevilla-reaviva\"><span style=\"font-weight: 400\">https:\/\/www.sevilla.org\/ayuntamiento\/alcaldia\/comunicacion\/noticias\/plan-de-microactuaciones-de-mejora-urbana-de-sevilla-reaviva<\/span><\/a><\/p>\n<p><span style=\"font-weight: 400\">Ayuntamiento de Sevilla. (19\/10\/2023). Obras de Reurbanizaci\u00f3n paisaj\u00edstica y acondicionamiento medioambiental, cofinanciado por la Uni\u00f3n Europea a trav\u00e9s de FEDER-EDUSI y Renovaci\u00f3n de red de abastecimiento y saneamiento por EMASESA, del Pasaje Virgen de Consolaci\u00f3n (Bulevar Los Mares). <\/span><i><span style=\"font-weight: 400\">iNFOconcurso. <\/span><\/i><a href=\"https:\/\/www.infoconcurso.com\/2023\/1728469-obras-de-reurbanizacion-paisajistica-y-acondicionamiento-medioambiental-cofinanciado-por-la-union-europea-a-traves-de-feder-edusi-y-renovacion-de\"><i><span style=\"font-weight: 400\">https:\/\/www.infoconcurso.com\/2023\/1728469-obras-de-reurbanizacion-paisajistica-y-acondicionamiento-medioambiental-cofinanciado-por-la-union-europea-a-traves-de-feder-edusi-y-renovacion-de<\/span><\/i><\/a><\/p>\n<p><span style=\"font-weight: 400\">Consejer\u00eda de Sostenibilidad y Medio Ambiente. (05\/06\/2018). Estrategia Andaluza de Desarrollo Sostenible 2030. <\/span><i><span style=\"font-weight: 400\">Portal Ambiente de Andaluc\u00eda.<\/span><\/i><span style=\"font-weight: 400\"> Junta de Andaluc\u00eda. <\/span><a href=\"https:\/\/www.juntadeandalucia.es\/medioambiente\/portal\/areas-tematicas\/planificacion-y-evaluacion-ambiental\/planificacion-ambiental\/estrategia-andaluza-desarrollo-sostenible-2030\"><span style=\"font-weight: 400\">https:\/\/www.juntadeandalucia.es\/medioambiente\/portal\/areas-tematicas\/planificacion-y-evaluacion-ambiental\/planificacion-ambiental\/estrategia-andaluza-desarrollo-sostenible-2030<\/span><\/a><\/p>\n<p><span style=\"font-weight: 400\">Garc\u00eda Mart\u00ednez, A. (29\/12\/2022). Los vecinos de Santa Justa reclaman la mejora de la plaza de Doctor Pedro Vallina. <\/span><i><span style=\"font-weight: 400\">Diario de Sevilla. <\/span><\/i><a href=\"https:\/\/www.diariodesevilla.es\/sevilla\/Santa-Justa-Doctor-Pedro-Vallina_0_1751825029.html\"><i><span style=\"font-weight: 400\">https:\/\/www.diariodesevilla.es\/sevilla\/Santa-Justa-Doctor-Pedro-Vallina_0_1751825029.html<\/span><\/i><\/a><\/p>\n<p><span style=\"font-weight: 400\">D.S. (05\/07\/2023). Aprobado por urgencia el nuevo bulevar de Los Mares en Pino Montano.<\/span><i><span style=\"font-weight: 400\"> Diario de Sevilla. <\/span><\/i><a href=\"https:\/\/www.diariodesevilla.es\/sevilla\/aprobado-urgencia-nuevo-bulevar-mares-pino-montano_0_1808520711.html\"><span style=\"font-weight: 400\">https:\/\/www.diariodesevilla.es\/sevilla\/aprobado-urgencia-nuevo-bulevar-mares-pino-montano_0_1808520711.html<\/span><\/a><\/p>\n<p><span style=\"font-weight: 400\">Grosso, N. G. (02\/09\/2018). De plaza sin nombre a zona verde. <\/span><i><span style=\"font-weight: 400\">Elcorreodeandaluc\u00eda.<\/span><\/i> <a href=\"https:\/\/www.elcorreoweb.es\/sevilla\/2018\/09\/02\/plaza-nombre-zona-verde-104682062.html\"><i><span style=\"font-weight: 400\">https:\/\/www.elcorreoweb.es\/sevilla\/2018\/09\/02\/plaza-nombre-zona-verde-104682062.html<\/span><\/i><\/a><\/p>\n<p><span style=\"font-weight: 400\">Ruesga, M. (12\/05\/2019). Un camino escolar para evitar los atropellos en la Ronda de la Oliva. <\/span><i><span style=\"font-weight: 400\">Diario de Sevilla.<\/span><\/i> <a href=\"https:\/\/www.diariodesevilla.es\/sevilla\/camino-escolar-atropellos-Ronda-Oliva_0_1353765026.html\"><span style=\"font-weight: 400\">https:\/\/www.diariodesevilla.es\/sevilla\/camino-escolar-atropellos-Ronda-Oliva_0_1353765026.html<\/span><\/a><\/p>\n","protected":false},"excerpt":{"rendered":"<p>\u00a1Hola, coloraos y color\u00e1s! En esta \u00faltima parte comprobaremos los frutos del Plan REAVIVA que pese a estar recogido en el Plan Estrat\u00e9gico Sevilla 2030 y por tanto considerarse un proyecto de larga duraci\u00f3n, desde 2018 ha ido poco a poco cambiando el mapa de la ciudad.\u00a0 Algunas de estas mejoras son: la nueva imagen [&hellip;]<\/p>\n","protected":false},"author":165,"featured_media":10158,"comment_status":"open","ping_status":"open","sticky":false,"template":"","format":"standard","meta":{"_acf_changed":false,"_monsterinsights_skip_tracking":false,"_monsterinsights_sitenote_active":false,"_monsterinsights_sitenote_note":"","_monsterinsights_sitenote_category":0,"footnotes":""},"categories":[1110,44,301],"tags":[1161,1160,6],"class_list":["post-10155","post","type-post","status-publish","format-standard","has-post-thumbnail","hentry","category-noticias","category-patrimonio","category-sevilla","tag-obras","tag-urbanismo","tag-sevilla"],"blocksy_meta":[],"acf":[],"jetpack_featured_media_url":"https:\/\/www.upo.es\/patio-colorado\/wp-content\/uploads\/2025\/06\/peatones.webp","_links":{"self":[{"href":"https:\/\/www.upo.es\/patio-colorado\/wp-json\/wp\/v2\/posts\/10155","targetHints":{"allow":["GET"]}}],"collection":[{"href":"https:\/\/www.upo.es\/patio-colorado\/wp-json\/wp\/v2\/posts"}],"about":[{"href":"https:\/\/www.upo.es\/patio-colorado\/wp-json\/wp\/v2\/types\/post"}],"author":[{"embeddable":true,"href":"https:\/\/www.upo.es\/patio-colorado\/wp-json\/wp\/v2\/users\/165"}],"replies":[{"embeddable":true,"href":"https:\/\/www.upo.es\/patio-colorado\/wp-json\/wp\/v2\/comments?post=10155"}],"version-history":[{"count":2,"href":"https:\/\/www.upo.es\/patio-colorado\/wp-json\/wp\/v2\/posts\/10155\/revisions"}],"predecessor-version":[{"id":10163,"href":"https:\/\/www.upo.es\/patio-colorado\/wp-json\/wp\/v2\/posts\/10155\/revisions\/10163"}],"wp:featuredmedia":[{"embeddable":true,"href":"https:\/\/www.upo.es\/patio-colorado\/wp-json\/wp\/v2\/media\/10158"}],"wp:attachment":[{"href":"https:\/\/www.upo.es\/patio-colorado\/wp-json\/wp\/v2\/media?parent=10155"}],"wp:term":[{"taxonomy":"category","embeddable":true,"href":"https:\/\/www.upo.es\/patio-colorado\/wp-json\/wp\/v2\/categories?post=10155"},{"taxonomy":"post_tag","embeddable":true,"href":"https:\/\/www.upo.es\/patio-colorado\/wp-json\/wp\/v2\/tags?post=10155"}],"curies":[{"name":"wp","href":"https:\/\/api.w.org\/{rel}","templated":true}]}}