{"id":10164,"date":"2025-06-08T11:09:03","date_gmt":"2025-06-08T11:09:03","guid":{"rendered":"https:\/\/www.upo.es\/patio-colorado\/?p=10164"},"modified":"2025-06-07T23:18:44","modified_gmt":"2025-06-07T23:18:44","slug":"nacia-en-el-califato-decia-gata-cattana","status":"publish","type":"post","link":"https:\/\/www.upo.es\/patio-colorado\/2025\/06\/08\/nacia-en-el-califato-decia-gata-cattana\/","title":{"rendered":"Nac\u00eda en el califato dec\u00eda Gata Cattana"},"content":{"rendered":"<p><span style=\"font-weight: 400\">Gata Cattana (Adamuz, 11 de mayo 1991-Madrid, 2 de marzo 2017)<\/span><\/p>\n<p><span style=\"font-weight: 400\">Rapera, poeta y por encima de todo polit\u00f3loga<\/span><\/p>\n<p><span style=\"font-weight: 400\">Se fue con 18 a\u00f1os a Granada a estudiar Ciencias Pol\u00edticas<\/span><\/p>\n<p><span style=\"font-weight: 400\">Muchos la conocen como la rapera erudita, la activista feminista o la burladora de la Academia<\/span><\/p>\n<p><span style=\"font-weight: 400\">\u00a1Hola, coloraos y color\u00e1s!<\/span><\/p>\n<p><span style=\"font-weight: 400\">En esta entrada analizar\u00e9 una de sus canciones donde considero que la reivindicaci\u00f3n por Andaluc\u00eda est\u00e1 muy presente. La canci\u00f3n cuya letra sigue a continuaci\u00f3n se titula Tientos y aparece en su \u00e1lbum Los siete contra Tebas.\u00a0<\/span><\/p>\n<p><span style=\"font-weight: 400\">La palabra tiento es polis\u00e9mica ya que en el Diccionario de la Lengua Espa\u00f1ola aparecen hasta quince acepciones utilizadas solo en Espa\u00f1a y sin contar las locuciones que se forman con esta. En este contexto y sabiendo que Gata no daba puntada sin hilo puede venir a ser un juego de palabras y referirse a cosas tan diversas como un palo del flamenco formado por cuatro tiempos donde el primero es silencio, palo que usan los ciegos para que les sirva de gu\u00eda, balanc\u00edn de los equilibristas, golpe dado a alguien o incluso echar un trago del l\u00edquido que contiene un recipiente. Adem\u00e1s, ir a tientas implica ir a ciegas y este verbo viene del propio verbo tentar y desde sus versos Gata abord\u00f3 numerosas veces el concepto de pecado. Se ha considerado que al nombrarse en esta canci\u00f3n con la locuci\u00f3n \u201cnos dura un tiento\u201d simboliza en este contexto una medida de tiempo, presumiblemente corta (lo que se tarda en dar un trago o un golpe a alguien, ambas acciones ligadas con el concepto de despertar que era uno de los mensajes claves de la rapera).\u00a0<\/span><\/p>\n<p><span style=\"font-weight: 400\">En cuanto al nombre del \u00e1lbum no hay que omitir la referencia cl\u00e1sico, pero tampoco la pol\u00edtica, ya que no es casualidad que Gata utilice el t\u00edtulo de esta tragedia de Esquilo que cuenta el intento fallido de siete jefes de conquistar la ciudad de Tebas, fuertemente amurallada. No hay que perder el car\u00e1cter metaf\u00f3rico y la comparaci\u00f3n directa que hace con su vida al dominar por ejemplo un \u00e1mbito eminentemente masculino como era el rap cuando empez\u00f3 o la situaci\u00f3n geopol\u00edtica del mundo en la que en ocasiones se siente que los esfuerzos por la paz son intentos fallidos de conquistar una idea tan implantada en el imaginario de ciertos pa\u00edses como es la guerra.\u00a0<\/span><\/p>\n<p>&nbsp;<\/p>\n<p><span style=\"font-weight: 400\">Presentada la autora, la canci\u00f3n y el \u00e1lbum donde se enmarca procedo a comentar varios versos claves de esta letra:\u00a0<\/span><\/p>\n<p><span style=\"font-weight: 400\">Ten\u00edan que venir dos t\u00edas<\/span><span style=\"font-weight: 400\"><br \/>\n<\/span><span style=\"font-weight: 400\">A arreglar esta chapuza<\/span><span style=\"font-weight: 400\"><br \/>\n<\/span><span style=\"font-weight: 400\">\u00bfQu\u00e9 co\u00f1o hab\u00e9is hecho con el rap?<\/span><span style=\"font-weight: 400\"><br \/>\n<\/span><b>Andaluc\u00eda no es USA<\/b><\/p>\n<p><b>[\u2026]<\/b><\/p>\n<p><span style=\"font-weight: 400\">En este \u00faltimo verso podemos ver su reivindicaci\u00f3n del rap andaluz como un rap propio alejado de las influencias de la cultura yanqui.\u00a0<\/span><\/p>\n<p><b>Mora mora de Gran\u00e1, nacida en el Califato<\/b><b><br \/>\n<\/b><b>Con este acento nazar\u00ed danzante que me saco<\/b><b><br \/>\n<\/b><span style=\"font-weight: 400\">Agosto, 46 grados,<\/span><b> esto es Marruecos<\/b><\/p>\n<p><b>[\u2026]<\/b><\/p>\n<p><span style=\"font-weight: 400\">Aqu\u00ed adem\u00e1s de observar c\u00f3mo al haber estudiado en Granada y desarrollado su obra musical all\u00ed ya que fue precisamente en esta ciudad donde conoci\u00f3 a quien ser\u00eda su DJ durante todo el tiempo que produjo m\u00fasica, podemos observar su f\u00e9rrea defensa al acento andaluz, m\u00e1s especialmente al grana\u00edno o nazar\u00ed como lo llama ella. La menci\u00f3n realizada al pasado de al-\u00c1ndalus no es casual, al igual que sus menciones a Marruecos. Gata defend\u00eda que el rap andaluz estaba ligado indudablemente al marroqu\u00ed y que pretender separarnos de \u00c1frica era no entender quienes eran nuestros verdaderos vecinos.\u00a0<\/span><\/p>\n<p><b>Al final to&#8217; los caminos van a Roma \u00bfsabes?<\/b><b><br \/>\n<\/b><b>[\u2026]<\/b><\/p>\n<p><b>M\u00e1s pa&#8217; all\u00e1 que pa&#8217; ac\u00e1, por suerte o desgracia<\/b><b><br \/>\n<\/b><span style=\"font-weight: 400\">[\u2026]<\/span><\/p>\n<p><span style=\"font-weight: 400\">En sus verbos podemos observar sin duda las caracter\u00edsticas dialectales propias del andaluz como la p\u00e9rdida de las consonantes finales o la relajaci\u00f3n de las vocales. Adem\u00e1s de las menciones a la historia antigua de Europa que son constantes como podemos comprobar. <\/span><span style=\"font-weight: 400\"><br \/>\n<\/span><b>Me van a convencer a m\u00ed con dos o tres falacias<\/b><\/p>\n<p><b>Sucias, a No\u00e9 le va&#8217; venir t\u00fa a hablar de lluvia\u00a0<\/b><\/p>\n<p><span style=\"font-weight: 400\">Las menciones b\u00edblicas en su obra tambi\u00e9n son constantes mezcl\u00e1ndolas con refranes y lenguaje coloquial, lenguaje que puede recordarnos al empleado por las abuelas eminentemente cat\u00f3licas en nuestra tierra.\u00a0<\/span><\/p>\n<p><span style=\"font-weight: 400\">[\u2026]<\/span><b><br \/>\n<\/b><b>Torero, relaja esa postura<\/b><b><br \/>\n<\/b><b>Ah\u00f3rrate los aires de entend\u00edo<\/b><b><br \/>\n<\/b><b>Cuando hables de mi cultura<\/b><\/p>\n<p><b>Fuera de t\u00f3picos, basura que os inculcan<\/b><b><br \/>\n<\/b><b>Habrase visto andaluza m\u00e1s culta<\/b><b><br \/>\n<\/b><b>Quisieran llegar a entender<\/b><b><br \/>\n<\/b><b>Lo que suelta esta bruja<\/b><b><br \/>\n<\/b><b>Se quedan a medias y luego me culpan<\/b><\/p>\n<p><span style=\"font-weight: 400\">[\u2026]<\/span><\/p>\n<p><span style=\"font-weight: 400\">En estas dos poderosas estrofas se recoge todo el sentimiento de rabia andaluza de negarse a asumir un estereotipo ajeno como propio. Las andaluzas no somos paletas y utilizar el acento como excusa para no entendernos es eso mismo, una excusa. Tambi\u00e9n se puede ver reflejado el concepto de apropiaci\u00f3n cultural, de gente externa que habla del andalucismo o de los andaluces sin tener conocimiento de causa ninguna y buscando en la mayor\u00eda de los casos estigmatizar a una de las regiones m\u00e1s empobrecidas de Espa\u00f1a.\u00a0<\/span><\/p>\n<p><b>Haciendo flamenco bizarro de street chabacano<\/b><b><br \/>\n<\/b><span style=\"font-weight: 400\">Nos duran un tiento esos negros<\/span><b><br \/>\n<\/b><b>Nos duran un tiento, nos duran un tiento<\/b><\/p>\n<p><span style=\"font-weight: 400\">En esta \u00faltima estrofa no solo vemos de d\u00f3nde parte ella: de la tradici\u00f3n flamenca, sino que tambi\u00e9n observamos de nuevo la polisemia de la palabra tiento (tiento como flamenco y como medida de tiempo).\u00a0<\/span><\/p>\n<p><span style=\"font-weight: 400\">Espero haberos descubierto el trasfondo que se esconde tras las letras de una de nuestras mejores raperas, y si no la conoc\u00edas, \u00a1ya est\u00e1is tardando en escuchar sus \u00e1lbumes!<\/span><\/p>\n<p><span style=\"font-weight: 400\">\u00a1Hasta pronto!<\/span><\/p>\n<p><b>Bibliograf\u00eda<\/b><\/p>\n<p><span style=\"font-weight: 400\">Garc\u00eda Llorente, A.I. (2012). Tientos. <\/span><b>[<\/b><span style=\"font-weight: 400\">Canci\u00f3n].<\/span> <i><span style=\"font-weight: 400\">Los siete contra Tebas.<\/span><\/i> <a href=\"https:\/\/pro-web.musixmatch.com\/pro\"><span style=\"font-weight: 400\">https:\/\/pro-web.musixmatch.com\/pro<\/span><\/a><\/p>\n<p><span style=\"font-weight: 400\">Marcos, C. (19\/02\/2023). Vida y muerte de Gata Cattana, la rapera cuyo ej\u00e9rcito sigue expandiendo su legado. <\/span><i><span style=\"font-weight: 400\">Elpa\u00eds. <\/span><\/i><a href=\"https:\/\/elpais.com\/cultura\/2023-02-19\/vida-y-muerte-de-gata-cattana-la-rapera-cuyo-ejercito-sigue-expandiendo-su-legado.html\"><span style=\"font-weight: 400\">https:\/\/elpais.com\/cultura\/2023-02-19\/vida-y-muerte-de-gata-cattana-la-rapera-cuyo-ejercito-sigue-expandiendo-su-legado.html<\/span><\/a><\/p>\n<p><span style=\"font-weight: 400\">Real Academia Espa\u00f1ola. (s.f.). tiento. En <\/span><i><span style=\"font-weight: 400\">Diccionario de la lengua espa\u00f1ola. <\/span><\/i><span style=\"font-weight: 400\">Recuperado el 27\/05\/2025. <\/span><a href=\"https:\/\/dle.rae.es\/tiento\"><span style=\"font-weight: 400\">https:\/\/dle.rae.es\/tiento<\/span><\/a><\/p>\n","protected":false},"excerpt":{"rendered":"<p>Gata Cattana (Adamuz, 11 de mayo 1991-Madrid, 2 de marzo 2017) Rapera, poeta y por encima de todo polit\u00f3loga Se fue con 18 a\u00f1os a Granada a estudiar Ciencias Pol\u00edticas Muchos la conocen como la rapera erudita, la activista feminista o la burladora de la Academia \u00a1Hola, coloraos y color\u00e1s! En esta entrada analizar\u00e9 una [&hellip;]<\/p>\n","protected":false},"author":165,"featured_media":10165,"comment_status":"open","ping_status":"open","sticky":false,"template":"","format":"standard","meta":{"_acf_changed":false,"_monsterinsights_skip_tracking":false,"_monsterinsights_sitenote_active":false,"_monsterinsights_sitenote_note":"","_monsterinsights_sitenote_category":0,"footnotes":""},"categories":[298,305,403,186],"tags":[179,1162,1163],"class_list":["post-10164","post","type-post","status-publish","format-standard","has-post-thumbnail","hentry","category-feminismo","category-granada","category-historias-y-mucho-mas","category-literatura-musica","tag-granada","tag-nazari","tag-rap"],"blocksy_meta":[],"acf":[],"jetpack_featured_media_url":"https:\/\/www.upo.es\/patio-colorado\/wp-content\/uploads\/2025\/06\/gata.jpg","_links":{"self":[{"href":"https:\/\/www.upo.es\/patio-colorado\/wp-json\/wp\/v2\/posts\/10164","targetHints":{"allow":["GET"]}}],"collection":[{"href":"https:\/\/www.upo.es\/patio-colorado\/wp-json\/wp\/v2\/posts"}],"about":[{"href":"https:\/\/www.upo.es\/patio-colorado\/wp-json\/wp\/v2\/types\/post"}],"author":[{"embeddable":true,"href":"https:\/\/www.upo.es\/patio-colorado\/wp-json\/wp\/v2\/users\/165"}],"replies":[{"embeddable":true,"href":"https:\/\/www.upo.es\/patio-colorado\/wp-json\/wp\/v2\/comments?post=10164"}],"version-history":[{"count":1,"href":"https:\/\/www.upo.es\/patio-colorado\/wp-json\/wp\/v2\/posts\/10164\/revisions"}],"predecessor-version":[{"id":10166,"href":"https:\/\/www.upo.es\/patio-colorado\/wp-json\/wp\/v2\/posts\/10164\/revisions\/10166"}],"wp:featuredmedia":[{"embeddable":true,"href":"https:\/\/www.upo.es\/patio-colorado\/wp-json\/wp\/v2\/media\/10165"}],"wp:attachment":[{"href":"https:\/\/www.upo.es\/patio-colorado\/wp-json\/wp\/v2\/media?parent=10164"}],"wp:term":[{"taxonomy":"category","embeddable":true,"href":"https:\/\/www.upo.es\/patio-colorado\/wp-json\/wp\/v2\/categories?post=10164"},{"taxonomy":"post_tag","embeddable":true,"href":"https:\/\/www.upo.es\/patio-colorado\/wp-json\/wp\/v2\/tags?post=10164"}],"curies":[{"name":"wp","href":"https:\/\/api.w.org\/{rel}","templated":true}]}}