{"id":10167,"date":"2025-06-08T12:00:28","date_gmt":"2025-06-08T12:00:28","guid":{"rendered":"https:\/\/www.upo.es\/patio-colorado\/?p=10167"},"modified":"2025-06-07T23:36:54","modified_gmt":"2025-06-07T23:36:54","slug":"alfiletero-en-mano-y-lunares-rojos","status":"publish","type":"post","link":"https:\/\/www.upo.es\/patio-colorado\/2025\/06\/08\/alfiletero-en-mano-y-lunares-rojos\/","title":{"rendered":"Alfiletero en mano y lunares rojos"},"content":{"rendered":"<p><span style=\"font-weight: 400\">Pilar Albarrac\u00edn<\/span><\/p>\n<p><span style=\"font-weight: 400\">Nacida en Aracena el 27 de septiembre de 1968<\/span><\/p>\n<p><span style=\"font-weight: 400\">Complet\u00f3 sus estudios en la Universidad de Sevilla<\/span><\/p>\n<p><span style=\"font-weight: 400\">Su arte se encuentra en el per\u00edodo contempor\u00e1neo<\/span><\/p>\n<p><span style=\"font-weight: 400\">\u00a1Hola, color\u00e1s y coloraos!<\/span><\/p>\n<p><span style=\"font-weight: 400\">Hoy os vengo a hablar de una de las artistas m\u00e1s importantes para la construcci\u00f3n del ideario andaluz: Pilar Albarrac\u00edn. Conocida por su dedicaci\u00f3n absoluta a las diferentes expresiones del arte, yendo desde performances, v\u00eddeos, dibujos, fotograf\u00edas, bordados, collages e instalaciones que como ella misma define: \u201cest\u00e1n enfocadas hacia la construcci\u00f3n cultural de la identidad espa\u00f1ola, especialmente la de la mujer andaluza.\u201d\u00a0<\/span><\/p>\n<p><span style=\"font-weight: 400\">Tal como recoge la p\u00e1gina web de Bellas Artes de la Universidad de Sevilla, Pilar tras conseguir su licenciatura se mud\u00f3 a Irlanda y posteriormente a Madrid. Desde un principio escap\u00f3 del canon eurocentrista queriendo inspirarse en el arte del resto de continentes, especialmente \u00c1frica. Desde su obra, Pilar pretende hablarnos en primera persona haciendo un collage tanto visual como conceptual y sin perder ese toque de iron\u00eda hacia los t\u00f3picos de la Espa\u00f1a ca\u00f1\u00ed (Espa\u00f1a gitana), que caracteriza su obra. Ha expuesto en museos de todo el mundo como el Mus\u00e9e d`Art Moderne de la Ville de Paris, el Hamburger Bahnof de Berlin, el PS1 del MoMA en Nueva York o el National Ceter for Contemporary Arts de Mosc\u00fa, entre otros.\u00a0<\/span><\/p>\n<p><span style=\"font-weight: 400\">Debajo pod\u00e9is observar solo algunos ejemplos de su obra:<\/span><\/p>\n<p><span style=\"font-weight: 400\">Bailar\u00e9 sobre tu tumba (2004)<\/span><\/p>\n<p><img loading=\"lazy\" decoding=\"async\" class=\"alignnone size-medium wp-image-10170\" src=\"https:\/\/www.upo.es\/patio-colorado\/wp-content\/uploads\/2025\/06\/bailare-sobre-tu-tumba-300x240.jpg\" alt=\"\" width=\"300\" height=\"240\" srcset=\"https:\/\/www.upo.es\/patio-colorado\/wp-content\/uploads\/2025\/06\/bailare-sobre-tu-tumba-300x240.jpg 300w, https:\/\/www.upo.es\/patio-colorado\/wp-content\/uploads\/2025\/06\/bailare-sobre-tu-tumba.jpg 580w\" sizes=\"auto, (max-width: 300px) 100vw, 300px\" \/><\/p>\n<p><span style=\"font-weight: 400\">Autopista hacia el cielo (2015)<\/span><span style=\"font-weight: 400\"><br \/>\n<\/span><\/p>\n<p><img loading=\"lazy\" decoding=\"async\" class=\"alignnone size-medium wp-image-10171\" src=\"https:\/\/www.upo.es\/patio-colorado\/wp-content\/uploads\/2025\/06\/autopista-hacia-el-cielo-213x300.jpg\" alt=\"\" width=\"213\" height=\"300\" srcset=\"https:\/\/www.upo.es\/patio-colorado\/wp-content\/uploads\/2025\/06\/autopista-hacia-el-cielo-213x300.jpg 213w, https:\/\/www.upo.es\/patio-colorado\/wp-content\/uploads\/2025\/06\/autopista-hacia-el-cielo.jpg 596w\" sizes=\"auto, (max-width: 213px) 100vw, 213px\" \/><\/p>\n<p><span style=\"font-weight: 400\">Recuerdos de Espa\u00f1a (2009)<\/span><\/p>\n<p><img loading=\"lazy\" decoding=\"async\" class=\"alignnone size-medium wp-image-10172\" src=\"https:\/\/www.upo.es\/patio-colorado\/wp-content\/uploads\/2025\/06\/recuerdos-spain-300x225.jpg\" alt=\"\" width=\"300\" height=\"225\" srcset=\"https:\/\/www.upo.es\/patio-colorado\/wp-content\/uploads\/2025\/06\/recuerdos-spain-300x225.jpg 300w, https:\/\/www.upo.es\/patio-colorado\/wp-content\/uploads\/2025\/06\/recuerdos-spain.jpg 580w\" sizes=\"auto, (max-width: 300px) 100vw, 300px\" \/><\/p>\n<p><span style=\"font-weight: 400\">O mi performance favorita que da nombre a esta entrada y que es <\/span><i><span style=\"font-weight: 400\">Lunares<\/span><\/i><span style=\"font-weight: 400\"> (2004). Una performance grabada en v\u00eddeo con p\u00fablico en la que la artista ataviada con un vestido blanco de flamenca se bordaba los propios lunares rojos tan caracter\u00edsticos, con su propia sangre, haci\u00e9ndose leves incisivos en la piel con un simple alfiler.\u00a0<\/span><\/p>\n<p><img loading=\"lazy\" decoding=\"async\" class=\"alignnone size-medium wp-image-10173\" src=\"https:\/\/www.upo.es\/patio-colorado\/wp-content\/uploads\/2025\/06\/volantes-rojos-197x300.jpg\" alt=\"\" width=\"197\" height=\"300\" srcset=\"https:\/\/www.upo.es\/patio-colorado\/wp-content\/uploads\/2025\/06\/volantes-rojos-197x300.jpg 197w, https:\/\/www.upo.es\/patio-colorado\/wp-content\/uploads\/2025\/06\/volantes-rojos.jpg 580w\" sizes=\"auto, (max-width: 197px) 100vw, 197px\" \/><\/p>\n<p><span style=\"font-weight: 400\">\u00bfQu\u00e9 opin\u00e1is de esta performance? \u00bfCre\u00e9is que es un poco extremista? \u00a1Os leo!\u00a0<\/span><\/p>\n<p><span style=\"font-weight: 400\">\u00a1Hasta pronto!<\/span><\/p>\n<p><b>Bibliograf\u00eda<\/b><\/p>\n<p><span style=\"font-weight: 400\">Universidad de Sevilla. (S.F.). Pilar Albarrac\u00edn. <\/span><i><span style=\"font-weight: 400\">Facultad de Bellas Artes.<\/span><\/i> <a href=\"https:\/\/bellasartes.us.es\/profesorado\/pilar-albarracin\"><span style=\"font-weight: 400\">https:\/\/bellasartes.us.es\/profesorado\/pilar-albarracin<\/span><\/a><\/p>\n<p><span style=\"font-weight: 400\">Prudencio, J. (2015). Obras. <\/span><i><span style=\"font-weight: 400\">Pilar Albarrac\u00edn.<\/span><\/i><\/p>\n<p><a href=\"https:\/\/www.pilaralbarracin.com\/obras.html\"><span style=\"font-weight: 400\">https:\/\/www.pilaralbarracin.com\/obras.html<\/span><\/a><\/p>\n","protected":false},"excerpt":{"rendered":"<p>Pilar Albarrac\u00edn Nacida en Aracena el 27 de septiembre de 1968 Complet\u00f3 sus estudios en la Universidad de Sevilla Su arte se encuentra en el per\u00edodo contempor\u00e1neo \u00a1Hola, color\u00e1s y coloraos! Hoy os vengo a hablar de una de las artistas m\u00e1s importantes para la construcci\u00f3n del ideario andaluz: Pilar Albarrac\u00edn. Conocida por su dedicaci\u00f3n [&hellip;]<\/p>\n","protected":false},"author":165,"featured_media":10170,"comment_status":"open","ping_status":"open","sticky":false,"template":"","format":"standard","meta":{"_acf_changed":false,"_monsterinsights_skip_tracking":false,"_monsterinsights_sitenote_active":false,"_monsterinsights_sitenote_note":"","_monsterinsights_sitenote_category":0,"footnotes":""},"categories":[35,303],"tags":[1166,1165,1164],"class_list":["post-10167","post","type-post","status-publish","format-standard","has-post-thumbnail","hentry","category-fiestas-tradiciones","category-huelva","tag-flamenca","tag-lunares","tag-performance"],"blocksy_meta":[],"acf":[],"jetpack_featured_media_url":"https:\/\/www.upo.es\/patio-colorado\/wp-content\/uploads\/2025\/06\/bailare-sobre-tu-tumba.jpg","_links":{"self":[{"href":"https:\/\/www.upo.es\/patio-colorado\/wp-json\/wp\/v2\/posts\/10167","targetHints":{"allow":["GET"]}}],"collection":[{"href":"https:\/\/www.upo.es\/patio-colorado\/wp-json\/wp\/v2\/posts"}],"about":[{"href":"https:\/\/www.upo.es\/patio-colorado\/wp-json\/wp\/v2\/types\/post"}],"author":[{"embeddable":true,"href":"https:\/\/www.upo.es\/patio-colorado\/wp-json\/wp\/v2\/users\/165"}],"replies":[{"embeddable":true,"href":"https:\/\/www.upo.es\/patio-colorado\/wp-json\/wp\/v2\/comments?post=10167"}],"version-history":[{"count":2,"href":"https:\/\/www.upo.es\/patio-colorado\/wp-json\/wp\/v2\/posts\/10167\/revisions"}],"predecessor-version":[{"id":10174,"href":"https:\/\/www.upo.es\/patio-colorado\/wp-json\/wp\/v2\/posts\/10167\/revisions\/10174"}],"wp:featuredmedia":[{"embeddable":true,"href":"https:\/\/www.upo.es\/patio-colorado\/wp-json\/wp\/v2\/media\/10170"}],"wp:attachment":[{"href":"https:\/\/www.upo.es\/patio-colorado\/wp-json\/wp\/v2\/media?parent=10167"}],"wp:term":[{"taxonomy":"category","embeddable":true,"href":"https:\/\/www.upo.es\/patio-colorado\/wp-json\/wp\/v2\/categories?post=10167"},{"taxonomy":"post_tag","embeddable":true,"href":"https:\/\/www.upo.es\/patio-colorado\/wp-json\/wp\/v2\/tags?post=10167"}],"curies":[{"name":"wp","href":"https:\/\/api.w.org\/{rel}","templated":true}]}}