{"id":10176,"date":"2025-06-08T12:30:44","date_gmt":"2025-06-08T12:30:44","guid":{"rendered":"https:\/\/www.upo.es\/patio-colorado\/?p=10176"},"modified":"2025-06-08T10:24:10","modified_gmt":"2025-06-08T10:24:10","slug":"andalucismo-de-quita-y-pon","status":"publish","type":"post","link":"https:\/\/www.upo.es\/patio-colorado\/2025\/06\/08\/andalucismo-de-quita-y-pon\/","title":{"rendered":"Andalucismo de quita y pon"},"content":{"rendered":"<p><span style=\"font-weight: 400\">\u00a1Hola, color\u00e1s y coloraos! En este blog dedicado al patrimonio andaluz hablamos mucho de Andaluc\u00eda, evidentemente, pero en mis entradas he ido m\u00e1s all\u00e1 hablando de lo que dije en su momento que se consideraba uno de los pilares de esta nuestra tierra, como es la construcci\u00f3n de espacios comunitarios, con el ejemplo de mi primera entrada publicada donde hablaba precisamente de salir al fresco.\u00a0<\/span><\/p>\n<p><span style=\"font-weight: 400\">\u00bfPero qu\u00e9 ocurre cuando nuestro discurso se basa solo en t\u00f3picos, cuando se nos aguan las ideas y el propio esqueleto del ideal andalucista se basa en un collage de im\u00e1genes muchas de ellas impuestas por otros? \u00bfQu\u00e9 tiene que ver salir al fresco con anclarse en t\u00f3picos? Pues precisamente mucho. Hace unos meses se viraliz\u00f3 un v\u00eddeo que pertenec\u00eda al programa de<\/span><i><span style=\"font-weight: 400\"> Genplayz<\/span><\/i><span style=\"font-weight: 400\"> donde hablaban varios j\u00f3venes andaluces sobre la idea que ten\u00edan ellos del andalucismo y sin pretender que fueran estandarte de nada se demostr\u00f3 que a lo mejor eso que nos imaginamos todos de Andaluc\u00eda no es m\u00e1s que la repetici\u00f3n de ideas ajenas que el exterior tiene de nosotros.\u00a0<\/span><\/p>\n<p><span style=\"font-weight: 400\">\u00d3sea, que nadie se confunda al leer esto, no pretendo se\u00f1alar a nadie con el dedo ni decir que est\u00e9 mal reivindicar nuestras tradiciones, pero si a lo mejor el discurso prefabricado que tenemos todos cuando nos preguntan qu\u00e9 es ser andaluz es repetir cuestiones como la de salir al fresco con tu abuela o el pan con aceite, quiz\u00e1s\u00a0 estamos tapando algo m\u00e1s brillante con la yema de los dedos. Pues esto mismo defend\u00edan en otro podcast (<\/span><i><span style=\"font-weight: 400\">Bimboficadas<\/span><\/i><span style=\"font-weight: 400\">) Carvento y Belial Naranjo Mart\u00ed, ambas drag queens andaluzas. Lo curioso fue que el discurso que he expuesto antes est\u00e1 tan manido que este podcast donde se criticaba la idea prefabricada que se defend\u00eda en el primero que he expuesto, se grab\u00f3 d\u00edas antes.\u00a0<\/span><\/p>\n<p><span style=\"font-weight: 400\">Pensando sobre esta idea de sentirnos c\u00f3modos con un discurso casi edulcorado en lo que los andaluces no queremos ya ni tierra ni libertad porque estamos conformes con ser el parque de atracciones de otros, el lugar donde parece que las penurias ni existen si las escondemos con un par de chistes (a pesar de que somos junto a Canarias y Extremadura, una de las comunidades m\u00e1s empobrecidas de Espa\u00f1a).\u00a0<\/span><\/p>\n<p><span style=\"font-weight: 400\">Antes de acabar esta entrada no quer\u00eda pasar la oportunidad de destacar la nueva campa\u00f1a de Cruzcampo donde aparecen en los botellines especiales im\u00e1genes t\u00edpicas de este andalucismo que nos identifica, pero que como he defendido en los p\u00e1rrafos anteriores no puede quedarse solo ah\u00ed. Algunas de las im\u00e1genes que se pueden ver en estos botellines son precisamente sentarse al fresco, Camar\u00f3n, Martirio o Chiquito de la Calzada.\u00a0<\/span><\/p>\n<p><img loading=\"lazy\" decoding=\"async\" class=\"alignnone size-full wp-image-10178\" src=\"https:\/\/www.upo.es\/patio-colorado\/wp-content\/uploads\/2025\/06\/cruzcampo.jpg\" alt=\"\" width=\"275\" height=\"183\" \/><\/p>\n<p><span style=\"font-weight: 400\">No es la primera vez que Cruzcampo lanza una campa\u00f1a que para muchos refleja m\u00e1s Andaluc\u00eda que otros v\u00eddeos publicitarios venidos de administraciones varias, ya que esto mismo se pudo ver con el anuncio de Lola Flores en el que defend\u00eda que si a ella se le hab\u00eda entendido por todo el mundo era precisamente por su acento. No pude m\u00e1s que sorprenderme cuando supe que en el 2000 casi el 90% de la empresa hab\u00eda sido comprada por la cadena cervecera alemana Heineken y que esta a su vez se la hab\u00eda comprado a la cadena cervecera irlandesa Guinness.\u00a0<\/span><\/p>\n<p><span style=\"font-weight: 400\">A pesar de que una cosa sea la macroempresa y otra el nivel local, \u00bfcre\u00e9is que estas campa\u00f1as de disfrute y \u201ct\u00f3picos\u201d andaluces viene incentivada precisamente por esta firma alemana, es decir, de nuevo es la construcci\u00f3n de una imagen propia a trav\u00e9s de la mirada ajena? \u00bfO consider\u00e1is tal vez que no tiene correlaci\u00f3n ninguna y que el equipo directivo est\u00e1 fuertemente ligado con la cultura andaluza y quiere de la mejor manera posible presentarle sus respetos con estos gui\u00f1os? \u00a1Os leo!\u00a0<\/span><\/p>\n<p><span style=\"font-weight: 400\">\u00a1Ay! Casi se me olvida. Si quer\u00e9is leer m\u00e1s sobre el tema de c\u00f3mo mantener ese fino equilibrio entre reivindicar nuestras tradiciones y no caer en t\u00f3picos apol\u00edticos externos no dud\u00e9is en leer el art\u00edculo de Leonora en la plataforma Medium titulado <\/span><i><span style=\"font-weight: 400\">Andaluc\u00eda, la pasi\u00f3n y el sufrimiento.<\/span><\/i><span style=\"font-weight: 400\"> \u00a1Hasta pronto!<\/span><\/p>\n<p>&nbsp;<\/p>\n<p><b>Bibliograf\u00eda<\/b><\/p>\n<p><span style=\"font-weight: 400\">Bimboficadas. (24 de febrero de 2025). <\/span><i><span style=\"font-weight: 400\">Drag andaluz con Las Ni\u00f1a. <\/span><\/i><span style=\"font-weight: 400\">[V\u00eddeo]. <\/span><a href=\"https:\/\/open.spotify.com\/episode\/1kU0P6B4K0fcFw4kZT61io?si=uS7xWyE8Q_Su7F3Ytk5mgQ\"><span style=\"font-weight: 400\">https:\/\/open.spotify.com\/episode\/1kU0P6B4K0fcFw4kZT61io?si=uS7xWyE8Q_Su7F3Ytk5mgQ<\/span><\/a><\/p>\n<p><span style=\"font-weight: 400\">Genplayz. (27 de febrero de 2025). <\/span><i><span style=\"font-weight: 400\">Poder\u00edo andaluz: especial D\u00eda de Andaluc\u00eda con Violeta H\u00f3dar y Sandra Moruizz. <\/span><\/i><span style=\"font-weight: 400\">[V\u00eddeo].<\/span><\/p>\n<p><a href=\"https:\/\/www.youtube.com\/watch?v=SBgEinX-JbU\"><span style=\"font-weight: 400\">https:\/\/www.youtube.com\/watch?v=SBgEinX-JbU<\/span><\/a><\/p>\n<p><span style=\"font-weight: 400\">Hern\u00e1ndez, S. (1999). Heineken pagar\u00e1 145.000 millones de pesetas por el 88% de Cruzcampo. <\/span><i><span style=\"font-weight: 400\">El Pa\u00eds.<\/span><\/i><span style=\"font-weight: 400\">\u00a0<\/span><\/p>\n<p><a href=\"https:\/\/elpais.com\/diario\/1999\/06\/11\/economia\/929052005_850215.html\"><span style=\"font-weight: 400\">https:\/\/elpais.com\/diario\/1999\/06\/11\/economia\/929052005_850215.html<\/span><\/a><\/p>\n","protected":false},"excerpt":{"rendered":"<p>\u00a1Hola, color\u00e1s y coloraos! En este blog dedicado al patrimonio andaluz hablamos mucho de Andaluc\u00eda, evidentemente, pero en mis entradas he ido m\u00e1s all\u00e1 hablando de lo que dije en su momento que se consideraba uno de los pilares de esta nuestra tierra, como es la construcci\u00f3n de espacios comunitarios, con el ejemplo de mi [&hellip;]<\/p>\n","protected":false},"author":165,"featured_media":10177,"comment_status":"open","ping_status":"open","sticky":false,"template":"","format":"standard","meta":{"_acf_changed":false,"_monsterinsights_skip_tracking":false,"_monsterinsights_sitenote_active":false,"_monsterinsights_sitenote_note":"","_monsterinsights_sitenote_category":0,"footnotes":""},"categories":[171],"tags":[80,1167,1168],"class_list":["post-10176","post","type-post","status-publish","format-standard","has-post-thumbnail","hentry","category-opinion","tag-actualidad","tag-andalucismo","tag-topicos"],"blocksy_meta":[],"acf":[],"jetpack_featured_media_url":"https:\/\/www.upo.es\/patio-colorado\/wp-content\/uploads\/2025\/06\/carvento.jpg","_links":{"self":[{"href":"https:\/\/www.upo.es\/patio-colorado\/wp-json\/wp\/v2\/posts\/10176","targetHints":{"allow":["GET"]}}],"collection":[{"href":"https:\/\/www.upo.es\/patio-colorado\/wp-json\/wp\/v2\/posts"}],"about":[{"href":"https:\/\/www.upo.es\/patio-colorado\/wp-json\/wp\/v2\/types\/post"}],"author":[{"embeddable":true,"href":"https:\/\/www.upo.es\/patio-colorado\/wp-json\/wp\/v2\/users\/165"}],"replies":[{"embeddable":true,"href":"https:\/\/www.upo.es\/patio-colorado\/wp-json\/wp\/v2\/comments?post=10176"}],"version-history":[{"count":2,"href":"https:\/\/www.upo.es\/patio-colorado\/wp-json\/wp\/v2\/posts\/10176\/revisions"}],"predecessor-version":[{"id":10180,"href":"https:\/\/www.upo.es\/patio-colorado\/wp-json\/wp\/v2\/posts\/10176\/revisions\/10180"}],"wp:featuredmedia":[{"embeddable":true,"href":"https:\/\/www.upo.es\/patio-colorado\/wp-json\/wp\/v2\/media\/10177"}],"wp:attachment":[{"href":"https:\/\/www.upo.es\/patio-colorado\/wp-json\/wp\/v2\/media?parent=10176"}],"wp:term":[{"taxonomy":"category","embeddable":true,"href":"https:\/\/www.upo.es\/patio-colorado\/wp-json\/wp\/v2\/categories?post=10176"},{"taxonomy":"post_tag","embeddable":true,"href":"https:\/\/www.upo.es\/patio-colorado\/wp-json\/wp\/v2\/tags?post=10176"}],"curies":[{"name":"wp","href":"https:\/\/api.w.org\/{rel}","templated":true}]}}