{"id":10181,"date":"2025-06-08T12:32:56","date_gmt":"2025-06-08T12:32:56","guid":{"rendered":"https:\/\/www.upo.es\/patio-colorado\/?p=10181"},"modified":"2025-06-08T10:29:44","modified_gmt":"2025-06-08T10:29:44","slug":"salvamos-al-lince","status":"publish","type":"post","link":"https:\/\/www.upo.es\/patio-colorado\/2025\/06\/08\/salvamos-al-lince\/","title":{"rendered":"Salvamos al lince"},"content":{"rendered":"<p><span style=\"font-weight: 400\">\u00a1Hola, color\u00e1s y coloraos! Hoy os vengo a hablar de \u00e9l, del lince ib\u00e9rico. Tambi\u00e9n conocido por su nombre cient\u00edfico como Lynx pardinus o por su nombre coloquial como el gran gato mediterr\u00e1neo. Fue el animal m\u00e1s amenazado en la escala de animales en peligro de extinci\u00f3n durante m\u00e1s de una d\u00e9cada.\u00a0<\/span><\/p>\n<p><span style=\"font-weight: 400\">Pero remont\u00e9monos un poco en el tiempo, hasta precisamente el 2003, a\u00f1o en el que a esta especie se la dio casi por extinta, y justo tambi\u00e9n el a\u00f1o en el que nac\u00ed. Supongo que por eso he estado siempre tan obsesionada con el estado de esta especie y os quiero decir que no ha sido nada f\u00e1cil llegar a los niveles menos preocupantes en los que hoy se encuentra. Nos ha mantenido en vilo esta especie, eso seguro. Pero no nos adelantemos. Ya he dicho que all\u00e1 por el 2003 todo el mundo, pero sobre todo expertos en el tema, se echaban las manos a la cabeza temi\u00e9ndose lo peor, asumiendo ya el futuro tr\u00e1gico de esta especie, o m\u00e1s bien su no futuro.\u00a0<\/span><\/p>\n<p><span style=\"font-weight: 400\">Pero fue entonces cuando nuestros vecinos nos echaron una mano y mediante un esfuerzo tit\u00e1nico, la alianza espa\u00f1ola-portuguesa cre\u00f3 uno de los mayores planes de rescate de especies que se hab\u00edan presenciado hasta la fecha. Invirtieron ingentes cantidades de dinero, no solo en la cr\u00eda en cautividad de los poqu\u00edsimos ejemplares que quedaban sino tambi\u00e9n en campa\u00f1as y concienciaci\u00f3n social. Programas de salvemos al lince llegaron a todos los centros de todos los rincones de Espa\u00f1a o al menos de Andaluc\u00eda seguro. No hay amiga m\u00eda que no recuerde las <\/span><i><span style=\"font-weight: 400\">Gymkanas<\/span><\/i><span style=\"font-weight: 400\"> de all\u00e1 por 2006 en la que se nos explicaba el tema con una seriedad que poco m\u00e1s o menos parec\u00eda el fin del mundo. M\u00e1s o menos lo era, ya que con la extinci\u00f3n de esta especie terminaba el mundo que hab\u00edamos compartido con uno de los mayores s\u00edmbolos de la fauna en nuestro pa\u00eds.\u00a0<\/span><\/p>\n<p><span style=\"font-weight: 400\">Pero volvamos al 2006, precisamente de esta \u00e9poca es el t\u00edtulo de uno de los art\u00edculos que nos hace ver c\u00f3mo estaba la situaci\u00f3n por aquel entonces, y dice as\u00ed: El lince ib\u00e9rico, una extinci\u00f3n anunciada (haciendo una clara referencia a la novela de Garc\u00eda M\u00e1rquez de Cr\u00f3nicas de una muerte anunciada). Muerte por cierto que es necesario destacar que es a causa de la acci\u00f3n humana, de la destrucci\u00f3n de los h\u00e1bitats y del impacto del cambio clim\u00e1tico.\u00a0<\/span><\/p>\n<p><span style=\"font-weight: 400\">Pero si nos remontamos en el tiempo y tras a\u00f1os y a\u00f1os de arduo trabajo y una esperanza ciega, obtuvimos las mejores noticias posibles: el lince ya no estaba en peligro cr\u00edtico de extinci\u00f3n. La noticia lleg\u00f3 all\u00e1 por 2018 y en la actualidad los ejemplares de esta especie se estiman en torno a 2000, contando linces j\u00f3venes y adultos. Es por este aumento de la poblaci\u00f3n que ya no solo se localizan en el parque de Do\u00f1ana, sino que se han dejado ver en m\u00e1s rincones de la geograf\u00eda espa\u00f1ola. \u00a1Hasta en zonas pertenecientes a la provincia de Madrid! No podemos m\u00e1s que maravillarnos por este milagroso rescate que ha hecho posible que esta especie ocupe el nivel \u201ctan solo\u201d de vulnerable en la Lista Roja de UICN (Uni\u00f3n Internacional para la Conservaci\u00f3n de la Naturaleza) de Especies Amenazadas.\u00a0<\/span><\/p>\n<p><span style=\"font-weight: 400\">Estoy segura de que a todos los que participamos en estas jornadas de concienciaci\u00f3n en los colegios cuando \u00e9ramos peque\u00f1os, nos sale una sonrisa al pensar en esta noticia. Sin embargo, no hay que confiarse. La fauna y la flora andaluza forman parte de nuestro patrimonio natural y como tal no debemos descuidarlo. \u00a1Hasta pronto!<\/span><\/p>\n<p>&nbsp;<\/p>\n<p><b>Bibliograf\u00eda<\/b><\/p>\n<p><span style=\"font-weight: 400\">Cabezas-D\u00edaz, S. y Virg\u00f3s, E. (2006). El lince Ib\u00e9rico, una extinci\u00f3n anunciada. <\/span><i><span style=\"font-weight: 400\">Ars Medica. Revista de Humanidades<\/span><\/i><span style=\"font-weight: 400\"> 2006; 5:00-00.<\/span><\/p>\n<p><a href=\"https:\/\/www.fundacionpfizer.org\/sites\/default\/files\/ars_medica_jun_2006_num09_053_067_cabezas.pdf\"><span style=\"font-weight: 400\">https:\/\/www.fundacionpfizer.org\/sites\/default\/files\/ars_medica_jun_2006_num09_053_067_cabezas.pdf<\/span><\/a><\/p>\n<p><span style=\"font-weight: 400\">S\u00e1nchez, E. (20 de junio de 2024). El lince ib\u00e9rico deja atr\u00e1s el peligro de extinci\u00f3n: un hito de la conservaci\u00f3n en Europa. <\/span><i><span style=\"font-weight: 400\">El Pa\u00eds. <\/span><\/i><a href=\"https:\/\/elpais.com\/clima-y-medio-ambiente\/2024-06-20\/el-lince-iberico-deja-atras-el-peligro-de-extincion-un-hito-en-la-conservacion-en-europa.html\"><span style=\"font-weight: 400\">https:\/\/elpais.com\/clima-y-medio-ambiente\/2024-06-20\/el-lince-iberico-deja-atras-el-peligro-de-extincion-un-hito-en-la-conservacion-en-europa.html<\/span><\/a><\/p>\n<p><span style=\"font-weight: 400\">UICN. (9 de julio de 2024). Recuperaci\u00f3n del lince ib\u00e9rico: Un nuevo \u00e9xito de conservaci\u00f3n en Espa\u00f1a. <\/span><a href=\"https:\/\/iucn.org\/es\/noticias\/202407\/recuperacion-del-lince-iberico-un-exito-de-conservacion-en-espana\"><span style=\"font-weight: 400\">https:\/\/iucn.org\/es\/noticias\/202407\/recuperacion-del-lince-iberico-un-exito-de-conservacion-en-espana<\/span><span style=\"font-weight: 400\"><br \/>\n<\/span><\/a><\/p>\n","protected":false},"excerpt":{"rendered":"<p>\u00a1Hola, color\u00e1s y coloraos! Hoy os vengo a hablar de \u00e9l, del lince ib\u00e9rico. Tambi\u00e9n conocido por su nombre cient\u00edfico como Lynx pardinus o por su nombre coloquial como el gran gato mediterr\u00e1neo. Fue el animal m\u00e1s amenazado en la escala de animales en peligro de extinci\u00f3n durante m\u00e1s de una d\u00e9cada.\u00a0 Pero remont\u00e9monos un [&hellip;]<\/p>\n","protected":false},"author":165,"featured_media":10182,"comment_status":"open","ping_status":"open","sticky":false,"template":"","format":"standard","meta":{"_acf_changed":false,"_monsterinsights_skip_tracking":false,"_monsterinsights_sitenote_active":false,"_monsterinsights_sitenote_note":"","_monsterinsights_sitenote_category":0,"footnotes":""},"categories":[303,1110],"tags":[80,55,1169],"class_list":["post-10181","post","type-post","status-publish","format-standard","has-post-thumbnail","hentry","category-huelva","category-noticias","tag-actualidad","tag-andalucia","tag-lince"],"blocksy_meta":[],"acf":[],"jetpack_featured_media_url":"https:\/\/www.upo.es\/patio-colorado\/wp-content\/uploads\/2025\/06\/lince.jpg","_links":{"self":[{"href":"https:\/\/www.upo.es\/patio-colorado\/wp-json\/wp\/v2\/posts\/10181","targetHints":{"allow":["GET"]}}],"collection":[{"href":"https:\/\/www.upo.es\/patio-colorado\/wp-json\/wp\/v2\/posts"}],"about":[{"href":"https:\/\/www.upo.es\/patio-colorado\/wp-json\/wp\/v2\/types\/post"}],"author":[{"embeddable":true,"href":"https:\/\/www.upo.es\/patio-colorado\/wp-json\/wp\/v2\/users\/165"}],"replies":[{"embeddable":true,"href":"https:\/\/www.upo.es\/patio-colorado\/wp-json\/wp\/v2\/comments?post=10181"}],"version-history":[{"count":1,"href":"https:\/\/www.upo.es\/patio-colorado\/wp-json\/wp\/v2\/posts\/10181\/revisions"}],"predecessor-version":[{"id":10183,"href":"https:\/\/www.upo.es\/patio-colorado\/wp-json\/wp\/v2\/posts\/10181\/revisions\/10183"}],"wp:featuredmedia":[{"embeddable":true,"href":"https:\/\/www.upo.es\/patio-colorado\/wp-json\/wp\/v2\/media\/10182"}],"wp:attachment":[{"href":"https:\/\/www.upo.es\/patio-colorado\/wp-json\/wp\/v2\/media?parent=10181"}],"wp:term":[{"taxonomy":"category","embeddable":true,"href":"https:\/\/www.upo.es\/patio-colorado\/wp-json\/wp\/v2\/categories?post=10181"},{"taxonomy":"post_tag","embeddable":true,"href":"https:\/\/www.upo.es\/patio-colorado\/wp-json\/wp\/v2\/tags?post=10181"}],"curies":[{"name":"wp","href":"https:\/\/api.w.org\/{rel}","templated":true}]}}