{"id":10184,"date":"2025-06-08T12:40:01","date_gmt":"2025-06-08T12:40:01","guid":{"rendered":"https:\/\/www.upo.es\/patio-colorado\/?p=10184"},"modified":"2025-06-08T10:36:58","modified_gmt":"2025-06-08T10:36:58","slug":"el-prado-llena-salas-con-arte-andaluz","status":"publish","type":"post","link":"https:\/\/www.upo.es\/patio-colorado\/2025\/06\/08\/el-prado-llena-salas-con-arte-andaluz\/","title":{"rendered":"El Prado llena salas con arte andaluz"},"content":{"rendered":"<p><span style=\"font-weight: 400\">\u00a1Hola, color\u00e1s y coloraos! Hoy os traigo una entrada que trata un tema de bastante actualidad y es que hace apenas unos meses, al inicio de este a\u00f1o, una de las formaciones pol\u00edticas que forman parte del Parlamento andaluz elev\u00f3 sus quejas a la mayor pinacoteca no solo de Espa\u00f1a sino tambi\u00e9n del mundo.\u00a0<\/span><\/p>\n<p><span style=\"font-weight: 400\">Los hechos ocurrieron de la siguiente manera: el grupo parlamentario de Adelante Andaluc\u00eda, en enero de 2025, se desplaz\u00f3 al mismo Museo del Prado presentando una reclamaci\u00f3n formal donde se recog\u00eda un listado de las obras que este grupo reclamaba a la famosa pinacoteca, obras que abarcaban todas las \u00e9pocas y que seg\u00fan esta formaci\u00f3n deb\u00edan volver a sus lugares originales, no a un museo que centralizara todo ese arte andaluz en un solo lugar, sino a aquellos sitios de donde fueron substra\u00eddos hace ya siglos.<\/span><\/p>\n<p><span style=\"font-weight: 400\">El portavoz de Adelante Andaluc\u00eda en la entrada del Museo del Prado con un cartel donde se puede leer el eslogan: \u201cQue nuestra historia vuelva a casa.\u201dY es que la historia se remonta a \u00e9poca napole\u00f3nica cuando tras la retirada de las tropas francesas adem\u00e1s de a sus soldados, estas se llevaron a Francia todo un conjunto de obras entre las que destacan por ejemplo las Inmaculadas de Murillo. Esta reclamaci\u00f3n no iba dirigida solo al Museo del Prado, aunque s\u00ed fue donde m\u00e1s reson\u00f3, sino que era lo que Adelante Andaluc\u00eda consider\u00f3 el inicio de un estudio de las obras halladas en territorios andaluces que se encuentran expuestas en pinacotecas a lo largo del mundo, en Madrid, pero tambi\u00e9n en Nueva York e incluso hasta en Roma.\u00a0<\/span><\/p>\n<p><span style=\"font-weight: 400\">El listado recoge decenas de obras que quedaron en Madrid tras ser recuperadas durante el franquismo. Algunas de los ejemplos m\u00e1s curiosos de este listado son: la Dama de Baza, la Virgen de Zurbar\u00e1n y hasta la<\/span><b>\u00a0<\/b><span style=\"font-weight: 400\">Lex Flavia Malacitana (una especie de C\u00f3digo de Hammurabi hallado en M\u00e1laga y escrito en una plancha que recoge el ordenamiento jur\u00eddico y administrativo de la B\u00e9tica).\u00a0<\/span><\/p>\n<p><span style=\"font-weight: 400\">\u00bfQu\u00e9 pens\u00e1is? \u00bfDeber\u00eda el Museo del Prado devolvernos estas obras? \u00bfSon las obras art\u00edsticas siempre del lugar donde se hallan? \u00bfD\u00f3nde se pone el l\u00edmite en cuanto a la \u00e9poca en la que se traslad\u00f3 de un lugar a otro? \u00bfHasta cu\u00e1nto debemos remontarnos para reclamar lo que es nuestro?\u00a0<\/span><\/p>\n<p><span style=\"font-weight: 400\">\u00a1Os leo! \u00a1Hasta pronto!<\/span><\/p>\n<p><b>Bibliograf\u00eda<\/b><\/p>\n<p><span style=\"font-weight: 400\">Lezameta, O. (30 de enero de 2025). Adelante se va al Museo del Prado a reclamar la devoluci\u00f3n del arte expoliado a Andaluc\u00eda. <\/span><i><span style=\"font-weight: 400\">Diario de Sevilla.\u00a0<\/span><\/i><\/p>\n<p><a href=\"https:\/\/www.diariodesevilla.es\/andalucia\/adelante-museo-prado-reclamar-devolucion_0_2003244596.html\"><span style=\"font-weight: 400\">https:\/\/www.diariodesevilla.es\/andalucia\/adelante-museo-prado-reclamar-devolucion_0_2003244596.html<\/span><\/a><\/p>\n","protected":false},"excerpt":{"rendered":"<p>\u00a1Hola, color\u00e1s y coloraos! Hoy os traigo una entrada que trata un tema de bastante actualidad y es que hace apenas unos meses, al inicio de este a\u00f1o, una de las formaciones pol\u00edticas que forman parte del Parlamento andaluz elev\u00f3 sus quejas a la mayor pinacoteca no solo de Espa\u00f1a sino tambi\u00e9n del mundo.\u00a0 Los [&hellip;]<\/p>\n","protected":false},"author":165,"featured_media":10185,"comment_status":"open","ping_status":"open","sticky":false,"template":"","format":"standard","meta":{"_acf_changed":false,"_monsterinsights_skip_tracking":false,"_monsterinsights_sitenote_active":false,"_monsterinsights_sitenote_note":"","_monsterinsights_sitenote_category":0,"footnotes":""},"categories":[46,1110,167],"tags":[80,55,99,178],"class_list":["post-10184","post","type-post","status-publish","format-standard","has-post-thumbnail","hentry","category-en-la-prensa","category-noticias","category-pintura-escultura","tag-actualidad","tag-andalucia","tag-cultura","tag-museo"],"blocksy_meta":[],"acf":[],"jetpack_featured_media_url":"https:\/\/www.upo.es\/patio-colorado\/wp-content\/uploads\/2025\/06\/vuelva-a-casa.webp","_links":{"self":[{"href":"https:\/\/www.upo.es\/patio-colorado\/wp-json\/wp\/v2\/posts\/10184","targetHints":{"allow":["GET"]}}],"collection":[{"href":"https:\/\/www.upo.es\/patio-colorado\/wp-json\/wp\/v2\/posts"}],"about":[{"href":"https:\/\/www.upo.es\/patio-colorado\/wp-json\/wp\/v2\/types\/post"}],"author":[{"embeddable":true,"href":"https:\/\/www.upo.es\/patio-colorado\/wp-json\/wp\/v2\/users\/165"}],"replies":[{"embeddable":true,"href":"https:\/\/www.upo.es\/patio-colorado\/wp-json\/wp\/v2\/comments?post=10184"}],"version-history":[{"count":1,"href":"https:\/\/www.upo.es\/patio-colorado\/wp-json\/wp\/v2\/posts\/10184\/revisions"}],"predecessor-version":[{"id":10186,"href":"https:\/\/www.upo.es\/patio-colorado\/wp-json\/wp\/v2\/posts\/10184\/revisions\/10186"}],"wp:featuredmedia":[{"embeddable":true,"href":"https:\/\/www.upo.es\/patio-colorado\/wp-json\/wp\/v2\/media\/10185"}],"wp:attachment":[{"href":"https:\/\/www.upo.es\/patio-colorado\/wp-json\/wp\/v2\/media?parent=10184"}],"wp:term":[{"taxonomy":"category","embeddable":true,"href":"https:\/\/www.upo.es\/patio-colorado\/wp-json\/wp\/v2\/categories?post=10184"},{"taxonomy":"post_tag","embeddable":true,"href":"https:\/\/www.upo.es\/patio-colorado\/wp-json\/wp\/v2\/tags?post=10184"}],"curies":[{"name":"wp","href":"https:\/\/api.w.org\/{rel}","templated":true}]}}