{"id":10202,"date":"2025-06-09T15:49:27","date_gmt":"2025-06-09T15:49:27","guid":{"rendered":"https:\/\/www.upo.es\/patio-colorado\/?p=10202"},"modified":"2025-06-09T15:49:27","modified_gmt":"2025-06-09T15:49:27","slug":"el-pescaito-en-sevilla-sabado-o-lunes","status":"publish","type":"post","link":"https:\/\/www.upo.es\/patio-colorado\/2025\/06\/09\/el-pescaito-en-sevilla-sabado-o-lunes\/","title":{"rendered":"El \u201cpesca\u00edto\u201d en Sevilla: \u00bfs\u00e1bado o lunes?"},"content":{"rendered":"<p><span style=\"font-weight: 400\">\u00a1Hola color\u00e1s y coloraos!<\/span><\/p>\n<p><span style=\"font-weight: 400\">Nos acercamos ya a la recta final de estas fechas tan se\u00f1aladas en la primavera sevillana, sin embargo, este a\u00f1o a diferencia de los \u00faltimos, ha tenido lugar un cambio muy importante en la organizaci\u00f3n de la Feria de Sevilla: el \u201cpesca\u00edto\u201d volvi\u00f3 a ser el lunes y no el s\u00e1bado por primera vez desde 2016.<\/span><\/p>\n<p>&nbsp;<\/p>\n<p><span style=\"font-weight: 400\">Por si alguien estuviera un poco perdido, el \u201cpesca\u00edto\u201d hace referencia a una costumbre t\u00edpica de la Feria de Abril mediante la cual los sevillanos dan la bienvenida al inicio de su semana grande, reuni\u00e9ndose para compartir y degustar pescado frito, tanto en las casetas de la feria, como en bares, restaurantes o en sus propias casas. El origen de esta costumbre no es del todo conocido, pero algunas teor\u00edas sugieren que esta tradici\u00f3n surgi\u00f3 porque algunas de las personas que decoraban las casetas aprovechaban para descansar comiendo pescado frito justo antes del \u201cAlumbrao\u201d o encendido de la portada de la Feria. As\u00ed, esta costumbre qued\u00f3 fijada para la v\u00edspera del inicio de la Feria de Abril, pero que como coment\u00e1bamos antes, no siempre se ha celebrado en la misma fecha.<\/span><\/p>\n<p>&nbsp;<\/p>\n<p><span style=\"font-weight: 400\">Hist\u00f3ricamente, la celebraci\u00f3n sevillana comenzaba de forma oficial el martes y terminaba el domingo de esa misma semana, celebr\u00e1ndose por tanto el \u201cpesca\u00edto\u201d la noche del lunes, justo antes del inicio de la Feria. Sin embargo, tras la celebraci\u00f3n de la Feria de Abril de 2016, el alcalde de Sevilla en aquel momento, Juan Espadas, propuso una votaci\u00f3n para ampliar el evento de forma que tambi\u00e9n incluyera el fin de semana anterior, adelantando al mismo tiempo su finalizaci\u00f3n un d\u00eda, un modelo que ya era habitual en otras ferias andaluzas. El argumento detr\u00e1s de esta propuesta que ampliar\u00eda un d\u00eda la duraci\u00f3n de la celebraci\u00f3n era el de aumentar los ingresos del sector tur\u00edstico y la econom\u00eda de la ciudad todo lo posible durante la semana de Feria. Tras la votaci\u00f3n (de apenas 40.000 personas) se acept\u00f3 la propuesta y a partir de 2017 la Feria pas\u00f3 por tanto a ocupar dos fines de semana, y no solo uno como hab\u00eda sucedido hasta el momento.<\/span><\/p>\n<p>&nbsp;<\/p>\n<p><span style=\"font-weight: 400\">Sin embargo, aunque la ampliaci\u00f3n fue muy positiva para los comercios, hoteles y restaurantes, no tardaron en llegar quejas de algunos sectores por el colapso que supuso la ampliaci\u00f3n para algunos servicios p\u00fablicos, as\u00ed como las quejas por parte de los socios \u201ccaseteros\u201d por el alboroto en el que quedaba convertida la \u201cnoche del pesca\u00edto\u201d al pasar al s\u00e1bado, posibilitando a muchas m\u00e1s personas acudir a la Feria en ese d\u00eda, al no ser ya el siguiente un d\u00eda laborable.<\/span><\/p>\n<p>&nbsp;<\/p>\n<p><span style=\"font-weight: 400\">En 2024, un alcalde distinto, Jos\u00e9 Luis Sanz, buscando afianzar su popularidad entre los sectores m\u00e1s tradicionales, propuso una nueva votaci\u00f3n para recuperar el modelo tradicional. La propuesta sali\u00f3 favorable y por eso este 2025 el \u201cpesca\u00edto\u201d ha vuelto a celebrarse en la noche del lunes por primera vez en esta d\u00e9cada. En las pr\u00f3ximas semanas averiguaremos si los sevillanos est\u00e1n m\u00e1s contentos con la vuelta de su tradici\u00f3n, por ahora, aunque la Feria\u00a0 vuelva a durar un d\u00eda menos, todav\u00eda estamos a tiempo de visitarla y acercarnos un poco m\u00e1s a la cultura hispalense.<\/span><\/p>\n<p><img loading=\"lazy\" decoding=\"async\" class=\"alignnone size-medium wp-image-7950\" src=\"https:\/\/www.upo.es\/patio-colorado\/wp-content\/uploads\/2024\/04\/alumbrado-de-la-feria-de-abril-300x200.jpeg\" alt=\"\" width=\"300\" height=\"200\" srcset=\"https:\/\/www.upo.es\/patio-colorado\/wp-content\/uploads\/2024\/04\/alumbrado-de-la-feria-de-abril-300x200.jpeg 300w, https:\/\/www.upo.es\/patio-colorado\/wp-content\/uploads\/2024\/04\/alumbrado-de-la-feria-de-abril.jpeg 720w\" sizes=\"auto, (max-width: 300px) 100vw, 300px\" \/><\/p>\n<p><span style=\"font-weight: 400\">Acal, C. P. (30 de abril de 2025). \u00bfPor qu\u00e9 se celebra la Noche del Pesca\u00edto el primer d\u00eda de la Feria de Abril? <\/span><i><span style=\"font-weight: 400\">Diario de Sevilla<\/span><\/i><span style=\"font-weight: 400\">. <a href=\"https:\/\/www.diariodesevilla.es\/vivirensevilla\/historia-origen-noche-pescaito-feria-abril-sevilla_0_2003823631.html\">https:\/\/www.diariodesevilla.es\/vivirensevilla\/historia-origen-noche-pescaito-feria-abril-sevilla_0_2003823631.html<\/a><\/span><\/p>\n<p>&nbsp;<\/p>\n<p><span style=\"font-weight: 400\">Bocanegra, R. (23 de abril de 2024). S\u00e1bado o lunes de \u00abpesca\u00edto\u00bb en la Feria de Abril, un debate entre el retorno a la tradici\u00f3n y la apertura al turismo. <\/span><i><span style=\"font-weight: 400\">Diario P\u00fablico<\/span><\/i><span style=\"font-weight: 400\">. <a href=\"https:\/\/www.publico.es\/politica\/sabado-lunes-pescaito-feria-abril-debate-retorno-tradicion-apertura-turismo.amp.html\">https:\/\/www.publico.es\/politica\/sabado-lunes-pescaito-feria-abril-debate-retorno-tradicion-apertura-turismo.amp.html<\/a><\/span><\/p>\n","protected":false},"excerpt":{"rendered":"<p>\u00a1Hola color\u00e1s y coloraos! Nos acercamos ya a la recta final de estas fechas tan se\u00f1aladas en la primavera sevillana, sin embargo, este a\u00f1o a diferencia de los \u00faltimos, ha tenido lugar un cambio muy importante en la organizaci\u00f3n de la Feria de Sevilla: el \u201cpesca\u00edto\u201d volvi\u00f3 a ser el lunes y no el s\u00e1bado [&hellip;]<\/p>\n","protected":false},"author":168,"featured_media":7950,"comment_status":"open","ping_status":"open","sticky":false,"template":"","format":"standard","meta":{"_acf_changed":false,"_monsterinsights_skip_tracking":false,"_monsterinsights_sitenote_active":false,"_monsterinsights_sitenote_note":"","_monsterinsights_sitenote_category":0,"footnotes":""},"categories":[35,1110,301],"tags":[114,1172],"class_list":["post-10202","post","type-post","status-publish","format-standard","has-post-thumbnail","hentry","category-fiestas-tradiciones","category-noticias","category-sevilla","tag-feria","tag-pescaito"],"blocksy_meta":[],"acf":[],"jetpack_featured_media_url":"https:\/\/www.upo.es\/patio-colorado\/wp-content\/uploads\/2024\/04\/alumbrado-de-la-feria-de-abril.jpeg","_links":{"self":[{"href":"https:\/\/www.upo.es\/patio-colorado\/wp-json\/wp\/v2\/posts\/10202","targetHints":{"allow":["GET"]}}],"collection":[{"href":"https:\/\/www.upo.es\/patio-colorado\/wp-json\/wp\/v2\/posts"}],"about":[{"href":"https:\/\/www.upo.es\/patio-colorado\/wp-json\/wp\/v2\/types\/post"}],"author":[{"embeddable":true,"href":"https:\/\/www.upo.es\/patio-colorado\/wp-json\/wp\/v2\/users\/168"}],"replies":[{"embeddable":true,"href":"https:\/\/www.upo.es\/patio-colorado\/wp-json\/wp\/v2\/comments?post=10202"}],"version-history":[{"count":1,"href":"https:\/\/www.upo.es\/patio-colorado\/wp-json\/wp\/v2\/posts\/10202\/revisions"}],"predecessor-version":[{"id":10203,"href":"https:\/\/www.upo.es\/patio-colorado\/wp-json\/wp\/v2\/posts\/10202\/revisions\/10203"}],"wp:featuredmedia":[{"embeddable":true,"href":"https:\/\/www.upo.es\/patio-colorado\/wp-json\/wp\/v2\/media\/7950"}],"wp:attachment":[{"href":"https:\/\/www.upo.es\/patio-colorado\/wp-json\/wp\/v2\/media?parent=10202"}],"wp:term":[{"taxonomy":"category","embeddable":true,"href":"https:\/\/www.upo.es\/patio-colorado\/wp-json\/wp\/v2\/categories?post=10202"},{"taxonomy":"post_tag","embeddable":true,"href":"https:\/\/www.upo.es\/patio-colorado\/wp-json\/wp\/v2\/tags?post=10202"}],"curies":[{"name":"wp","href":"https:\/\/api.w.org\/{rel}","templated":true}]}}