{"id":10204,"date":"2025-06-09T15:55:11","date_gmt":"2025-06-09T15:55:11","guid":{"rendered":"https:\/\/www.upo.es\/patio-colorado\/?p=10204"},"modified":"2025-06-09T15:55:11","modified_gmt":"2025-06-09T15:55:11","slug":"sale-a-la-luz-la-primera-foto-conocida-de-la-feria-de-sevilla","status":"publish","type":"post","link":"https:\/\/www.upo.es\/patio-colorado\/2025\/06\/09\/sale-a-la-luz-la-primera-foto-conocida-de-la-feria-de-sevilla\/","title":{"rendered":"Sale a la luz la primera foto conocida de la Feria de Sevilla"},"content":{"rendered":"<p><span style=\"font-weight: 400\">\u00a1Hola color\u00e1s y coloraos!<\/span><\/p>\n<p>&nbsp;<\/p>\n<p><span style=\"font-weight: 400\">Ya ha pasado un mes desde la feria, un evento que genera entre miles (o millones) de personas un sinf\u00edn de ganas, ilusi\u00f3n y muchas expectativas. Para los amantes de la cultura sevillana, cualquier asunto relacionado con la Feria es siempre motivo de excitaci\u00f3n, y ahora podemos decir que tienen incluso m\u00e1s despu\u00e9s de que el Museo de Bellas Artes de Sevilla decida exponer durante el pr\u00f3ximo mes la primera fotograf\u00eda realizada de la Feria de Abril de Sevilla.<\/span><\/p>\n<p>&nbsp;<\/p>\n<p><span style=\"font-weight: 400\">La fotograf\u00eda, fechada en 1859, fue tomada por el fot\u00f3grafo sevillano Francisco Leygonier y pertenece a la colecci\u00f3n de Fern\u00e1ndez Rivero. En dicha fotograf\u00eda aparece una caseta perteneciente a los duques de Montpensier compuesta por tres tiendas y situada sobre una tarima, y aunque la imagen no represente al completo el panorama del recinto ferial sevillano, de alguna forma consigue acercarnos de manera algo m\u00e1s precisa a la realidad de la Feria que ten\u00eda lugar hace casi 150 a\u00f1os.\u00a0<\/span><\/p>\n<p>&nbsp;<\/p>\n<p><span style=\"font-weight: 400\">Leygonier habr\u00eda sido en la \u00e9poca el fot\u00f3grafo oficial del ducado de Montpensier, motivo por el cual pudo tomar dicha fotograf\u00eda. El valor de esta obra asciende a\u00fan m\u00e1s si tenemos en cuenta que no existen m\u00e1s ejemplares de la misma y que, adem\u00e1s, las siguientes fotograf\u00edas conocidas de la Feria de Sevilla, tomadas por Ram\u00f3n Almela y Emilio Beauchy, datan de los a\u00f1os ochenta de ese mismo siglo, existiendo por tanto m\u00e1s de 20 a\u00f1os de diferencia entre la primera y las otras.<\/span><\/p>\n<p>&nbsp;<\/p>\n<p><span style=\"font-weight: 400\">Una curiosidad para nuestro p\u00fablico menos experto, es que la Feria de Sevilla se celebr\u00f3 hasta los a\u00f1os 70 en lo que hoy en d\u00eda es el Prado de San Sebasti\u00e1n, raz\u00f3n por la cual en la imagen se pueden ver algunos edificios que no se distinguen en la actualidad en el recinto ferial que desde hace d\u00e9cadas se organiza en la zona de los Remedios y Tablada.\u00a0<\/span><\/p>\n<p>&nbsp;<\/p>\n<p><span style=\"font-weight: 400\">Por \u00faltimo, es importante tener en cuenta que hasta el domingo 8 de junio, todos los interesados podr\u00e1n acudir a la exposici\u00f3n del museo, en la que adem\u00e1s de esta fotograf\u00eda, se expondr\u00e1n\u00a0 y podr\u00e1n contemplar m\u00e1s de 80 obras originales entre las que destacan tomas, reproducciones y representaciones de otros monumentos cordobeses, sevillanos y granadinos, as\u00ed como de otras tradiciones destacadas de Andaluc\u00eda, como lo es la Semana Santa.<\/span><\/p>\n<p><img loading=\"lazy\" decoding=\"async\" class=\"alignnone size-medium wp-image-10205\" src=\"https:\/\/www.upo.es\/patio-colorado\/wp-content\/uploads\/2025\/06\/bellas-artes-exhibe-primera-fotografia-tomada-feria-sevilla_98-300x169.webp\" alt=\"\" width=\"300\" height=\"169\" srcset=\"https:\/\/www.upo.es\/patio-colorado\/wp-content\/uploads\/2025\/06\/bellas-artes-exhibe-primera-fotografia-tomada-feria-sevilla_98-300x169.webp 300w, https:\/\/www.upo.es\/patio-colorado\/wp-content\/uploads\/2025\/06\/bellas-artes-exhibe-primera-fotografia-tomada-feria-sevilla_98-1024x576.webp 1024w, https:\/\/www.upo.es\/patio-colorado\/wp-content\/uploads\/2025\/06\/bellas-artes-exhibe-primera-fotografia-tomada-feria-sevilla_98-768x432.webp 768w, https:\/\/www.upo.es\/patio-colorado\/wp-content\/uploads\/2025\/06\/bellas-artes-exhibe-primera-fotografia-tomada-feria-sevilla_98-1536x864.webp 1536w, https:\/\/www.upo.es\/patio-colorado\/wp-content\/uploads\/2025\/06\/bellas-artes-exhibe-primera-fotografia-tomada-feria-sevilla_98.webp 1900w\" sizes=\"auto, (max-width: 300px) 100vw, 300px\" \/><\/p>\n<p><span style=\"font-weight: 400\">Campos, S. y Efe, A. (3 mayo de 2025). Bellas artes exhibe la primera fotograf\u00eda tomada de la Feria de Sevilla. <\/span><i><span style=\"font-weight: 400\">La Raz\u00f3n<\/span><\/i><span style=\"font-weight: 400\">. <a href=\"https:\/\/www.larazon.es\/cultura\/arte\/bellas-artes-exhibe-primera-fotografia-tomada-feria-sevilla_202505036815dd75e52da91ed5367f6b.html?outputType=amp\">https:\/\/www.larazon.es\/cultura\/arte\/bellas-artes-exhibe-primera-fotografia-tomada-feria-sevilla_202505036815dd75e52da91ed5367f6b.html?outputType=amp<\/a><\/span><\/p>\n<p>&nbsp;<\/p>\n<p><span style=\"font-weight: 400\">. Junta de Andaluc\u00eda, Consejer\u00eda de Cultura y Deporte. (5 de mayo de 2025). <\/span><i><span style=\"font-weight: 400\">La exposici\u00f3n de Leygonier saca a la luz la primera fotograf\u00eda de la Feria de Abril de Sevilla<\/span><\/i><span style=\"font-weight: 400\">.\u00a0 <a href=\"https:\/\/www.juntadeandalucia.es\/organismos\/culturaydeporte\/servicios\/actualidad\/noticias\/detalle\/584062.html\">https:\/\/www.juntadeandalucia.es\/organismos\/culturaydeporte\/servicios\/actualidad\/noticias\/detalle\/584062.html<\/a><\/span><\/p>\n<p>&nbsp;<\/p>\n","protected":false},"excerpt":{"rendered":"<p>\u00a1Hola color\u00e1s y coloraos! &nbsp; Ya ha pasado un mes desde la feria, un evento que genera entre miles (o millones) de personas un sinf\u00edn de ganas, ilusi\u00f3n y muchas expectativas. Para los amantes de la cultura sevillana, cualquier asunto relacionado con la Feria es siempre motivo de excitaci\u00f3n, y ahora podemos decir que tienen [&hellip;]<\/p>\n","protected":false},"author":168,"featured_media":10205,"comment_status":"open","ping_status":"open","sticky":false,"template":"","format":"standard","meta":{"_acf_changed":false,"_monsterinsights_skip_tracking":false,"_monsterinsights_sitenote_active":false,"_monsterinsights_sitenote_note":"","_monsterinsights_sitenote_category":0,"footnotes":""},"categories":[169,35,1110,23,301],"tags":[116,98,560],"class_list":["post-10204","post","type-post","status-publish","format-standard","has-post-thumbnail","hentry","category-cine-artes-audiovisuales","category-fiestas-tradiciones","category-noticias","category-patrimonio-vivo","category-sevilla","tag-feriadeabril","tag-fotografia","tag-museos"],"blocksy_meta":[],"acf":[],"jetpack_featured_media_url":"https:\/\/www.upo.es\/patio-colorado\/wp-content\/uploads\/2025\/06\/bellas-artes-exhibe-primera-fotografia-tomada-feria-sevilla_98.webp","_links":{"self":[{"href":"https:\/\/www.upo.es\/patio-colorado\/wp-json\/wp\/v2\/posts\/10204","targetHints":{"allow":["GET"]}}],"collection":[{"href":"https:\/\/www.upo.es\/patio-colorado\/wp-json\/wp\/v2\/posts"}],"about":[{"href":"https:\/\/www.upo.es\/patio-colorado\/wp-json\/wp\/v2\/types\/post"}],"author":[{"embeddable":true,"href":"https:\/\/www.upo.es\/patio-colorado\/wp-json\/wp\/v2\/users\/168"}],"replies":[{"embeddable":true,"href":"https:\/\/www.upo.es\/patio-colorado\/wp-json\/wp\/v2\/comments?post=10204"}],"version-history":[{"count":1,"href":"https:\/\/www.upo.es\/patio-colorado\/wp-json\/wp\/v2\/posts\/10204\/revisions"}],"predecessor-version":[{"id":10206,"href":"https:\/\/www.upo.es\/patio-colorado\/wp-json\/wp\/v2\/posts\/10204\/revisions\/10206"}],"wp:featuredmedia":[{"embeddable":true,"href":"https:\/\/www.upo.es\/patio-colorado\/wp-json\/wp\/v2\/media\/10205"}],"wp:attachment":[{"href":"https:\/\/www.upo.es\/patio-colorado\/wp-json\/wp\/v2\/media?parent=10204"}],"wp:term":[{"taxonomy":"category","embeddable":true,"href":"https:\/\/www.upo.es\/patio-colorado\/wp-json\/wp\/v2\/categories?post=10204"},{"taxonomy":"post_tag","embeddable":true,"href":"https:\/\/www.upo.es\/patio-colorado\/wp-json\/wp\/v2\/tags?post=10204"}],"curies":[{"name":"wp","href":"https:\/\/api.w.org\/{rel}","templated":true}]}}