{"id":10207,"date":"2025-06-09T15:58:56","date_gmt":"2025-06-09T15:58:56","guid":{"rendered":"https:\/\/www.upo.es\/patio-colorado\/?p=10207"},"modified":"2025-06-09T15:58:56","modified_gmt":"2025-06-09T15:58:56","slug":"descubren-a-un-nuevo-cervantes-en-osuna-universitario-a-los-66-anos","status":"publish","type":"post","link":"https:\/\/www.upo.es\/patio-colorado\/2025\/06\/09\/descubren-a-un-nuevo-cervantes-en-osuna-universitario-a-los-66-anos\/","title":{"rendered":"Descubren a un nuevo Cervantes en Osuna: universitario a los 66 a\u00f1os"},"content":{"rendered":"<p><span style=\"font-weight: 400\">\u00a1Hola color\u00e1s y coloraos!<\/span><\/p>\n<p>&nbsp;<\/p>\n<p><span style=\"font-weight: 400\">Miguel de Cervantes Saavedra, autor de \u201cEl ingenioso hidalgo Don Quijote de la Mancha\u201d y de muchas otras obras de renombre, ha pasado a la historia como uno de los m\u00e1s importantes autores literarios jam\u00e1s vistos (o le\u00eddos) tanto en la literatura espa\u00f1ola como mundial, raz\u00f3n por la cual los estudios, biograf\u00eda e investigaciones en torno a su figura son pr\u00e1cticamente innumerables. Sin embargo, esta misma semana ha tenido lugar un descubrimiento que a\u00f1ade algo de claridad en torno a su figura y a algunos aspectos de su obra, y nos permite adem\u00e1s conocer algo mejor la vida de un personaje muy misterioso, a la par que emblem\u00e1tico, \u00a1Cervantes se matricul\u00f3 en la Universidad de Osuna con 66 a\u00f1os para estudiar Derecho!<\/span><\/p>\n<p>&nbsp;<\/p>\n<p><span style=\"font-weight: 400\">El hallazgo del abogado sevillano Fernando Herrera tuvo lugar en un documento descubierto recientemente en el Archivo Municipal de Osuna, la que en su d\u00eda fue la antigua sede de la universidad local. Herrera, junto a su t\u00edo Joaqu\u00edn Herrera, descubri\u00f3 la siguiente inscripci\u00f3n en el libro de matr\u00edcula de la universidad que por lo visto datar\u00eda del 1 de octubre de 1613: \u00abMiguel de Servantes Saavedra, natural de Alcala de Henares, dioss de toledo en 1\u00b0 de octube. de 613 y fizo el juram\u00ba y lo firmo, de que doy fe\u00bb.<\/span><\/p>\n<p>&nbsp;<\/p>\n<p><span style=\"font-weight: 400\">Cervantes fallecer\u00eda en 1616, y como se dec\u00eda en el primer p\u00e1rrafo, este descubrimiento nos proporciona una nueva visi\u00f3n del escritor complutense, vemos as\u00ed a un Miguel de Cervantes que a\u00fan desea aprender, conocer y formarse, incluso en sus \u00faltimos d\u00edas y que complementa la informaci\u00f3n conocida de que trabaj\u00f3 en Osuna como recaudador de impuestos a finales del siglo anterior. Pero seguramente lo m\u00e1s importante es que este nuevo hallazgo nos ayuda a comprender mejor algunas de sus \u00faltimas obras.<\/span><\/p>\n<p>&nbsp;<\/p>\n<p><span style=\"font-weight: 400\">Los \u00faltimos a\u00f1os de Cervantes destacan por su gran producci\u00f3n literaria, publicando <\/span><i><span style=\"font-weight: 400\">Novelas ejemplares, <\/span><\/i><span style=\"font-weight: 400\">la segunda parte del <\/span><i><span style=\"font-weight: 400\">Quijote <\/span><\/i><span style=\"font-weight: 400\">y escribiendo tambi\u00e9n <\/span><i><span style=\"font-weight: 400\">Los trabajos de Persiles y Sigismunda, <\/span><\/i><span style=\"font-weight: 400\">una novela p\u00f3stuma. Precisamente en la segunda parte del <\/span><i><span style=\"font-weight: 400\">Quijote<\/span><\/i><span style=\"font-weight: 400\">, el autor relata algunos sucesos acontecidos en un manicomio cuyos personajes m\u00e1s importantes son precisamente licenciados en la Universidad de Osuna. Estos personajes podr\u00edan ser reales y el hecho de incluirlos en su obra podr\u00eda ser reflejo de la vida universitaria de Cervantes.<\/span><\/p>\n<p>&nbsp;<\/p>\n<p><span style=\"font-weight: 400\">Por \u00faltimo, parece evidente que a ra\u00edz de este hallazgo se reabrir\u00e1n otras investigaciones biogr\u00e1ficas sobre Cervantes que puedan explicar por qu\u00e9 eligi\u00f3 una universidad menor como la de Osuna para estudiar Leyes (derecho), si realmente residi\u00f3 f\u00edsicamente en Osuna o gestion\u00f3 su matr\u00edcula desde otro sitio, y muchas otras preguntas a\u00fan sin respuesta.<\/span><\/p>\n<p><img loading=\"lazy\" decoding=\"async\" class=\"alignnone size-medium wp-image-10208\" src=\"https:\/\/www.upo.es\/patio-colorado\/wp-content\/uploads\/2025\/06\/cervantes-243x300.jpg\" alt=\"\" width=\"243\" height=\"300\" srcset=\"https:\/\/www.upo.es\/patio-colorado\/wp-content\/uploads\/2025\/06\/cervantes-243x300.jpg 243w, https:\/\/www.upo.es\/patio-colorado\/wp-content\/uploads\/2025\/06\/cervantes-828x1024.jpg 828w, https:\/\/www.upo.es\/patio-colorado\/wp-content\/uploads\/2025\/06\/cervantes-768x950.jpg 768w, https:\/\/www.upo.es\/patio-colorado\/wp-content\/uploads\/2025\/06\/cervantes-1242x1536.jpg 1242w, https:\/\/www.upo.es\/patio-colorado\/wp-content\/uploads\/2025\/06\/cervantes.jpg 1294w\" sizes=\"auto, (max-width: 243px) 100vw, 243px\" \/><\/p>\n<p><span style=\"font-weight: 400\">May, A. (6 de mayo de 2025). Cervantes fue estudiante de Derecho a los 66 a\u00f1os: \u00abLa primera reacci\u00f3n fue de escepticismo\u00bb. <\/span><i><span style=\"font-weight: 400\">Libertad Digital. <\/span><\/i><a href=\"https:\/\/www.libertaddigital.com\/cultura\/2025-05-06\/cervantes-fue-estudiante-de-derecho-a-los-66-anos-la-primera-reaccion-fue-de-escepticismo-7250273\/\"><span style=\"font-weight: 400\">https:\/\/www.libertaddigital.com\/cultura\/2025-05-06\/cervantes-fue-estudiante-de-derecho-a-los-66-anos-la-primera-reaccion-fue-de-escepticismo-7250273\/<\/span><\/a><\/p>\n<p>&nbsp;<\/p>\n<p><span style=\"font-weight: 400\">Palop, L. (5 de mayo de 2025). Cervantes se matricul\u00f3 en la Universidad de Osuna en 1613. <\/span><i><span style=\"font-weight: 400\">El Pespunte<\/span><\/i><span style=\"font-weight: 400\">. <a href=\"https:\/\/www.elpespunte.es\/cervantes-se-matriculo-en-leyes-en-la-universidad-de-osuna-en-1613-segun-revela-un-documento\/\">https:\/\/www.elpespunte.es\/cervantes-se-matriculo-en-leyes-en-la-universidad-de-osuna-en-1613-segun-revela-un-documento\/<\/a><\/span><\/p>\n<p><span style=\"font-weight: 400\">\u00a0<\/span><\/p>\n","protected":false},"excerpt":{"rendered":"<p>\u00a1Hola color\u00e1s y coloraos! &nbsp; Miguel de Cervantes Saavedra, autor de \u201cEl ingenioso hidalgo Don Quijote de la Mancha\u201d y de muchas otras obras de renombre, ha pasado a la historia como uno de los m\u00e1s importantes autores literarios jam\u00e1s vistos (o le\u00eddos) tanto en la literatura espa\u00f1ola como mundial, raz\u00f3n por la cual los [&hellip;]<\/p>\n","protected":false},"author":168,"featured_media":10208,"comment_status":"open","ping_status":"open","sticky":false,"template":"","format":"standard","meta":{"_acf_changed":false,"_monsterinsights_skip_tracking":false,"_monsterinsights_sitenote_active":false,"_monsterinsights_sitenote_note":"","_monsterinsights_sitenote_category":0,"footnotes":""},"categories":[403,186,23,301],"tags":[60,1065,1066],"class_list":["post-10207","post","type-post","status-publish","format-standard","has-post-thumbnail","hentry","category-historias-y-mucho-mas","category-literatura-musica","category-patrimonio-vivo","category-sevilla","tag-osuna","tag-cervantes","tag-don-quijote"],"blocksy_meta":[],"acf":[],"jetpack_featured_media_url":"https:\/\/www.upo.es\/patio-colorado\/wp-content\/uploads\/2025\/06\/cervantes.jpg","_links":{"self":[{"href":"https:\/\/www.upo.es\/patio-colorado\/wp-json\/wp\/v2\/posts\/10207","targetHints":{"allow":["GET"]}}],"collection":[{"href":"https:\/\/www.upo.es\/patio-colorado\/wp-json\/wp\/v2\/posts"}],"about":[{"href":"https:\/\/www.upo.es\/patio-colorado\/wp-json\/wp\/v2\/types\/post"}],"author":[{"embeddable":true,"href":"https:\/\/www.upo.es\/patio-colorado\/wp-json\/wp\/v2\/users\/168"}],"replies":[{"embeddable":true,"href":"https:\/\/www.upo.es\/patio-colorado\/wp-json\/wp\/v2\/comments?post=10207"}],"version-history":[{"count":1,"href":"https:\/\/www.upo.es\/patio-colorado\/wp-json\/wp\/v2\/posts\/10207\/revisions"}],"predecessor-version":[{"id":10209,"href":"https:\/\/www.upo.es\/patio-colorado\/wp-json\/wp\/v2\/posts\/10207\/revisions\/10209"}],"wp:featuredmedia":[{"embeddable":true,"href":"https:\/\/www.upo.es\/patio-colorado\/wp-json\/wp\/v2\/media\/10208"}],"wp:attachment":[{"href":"https:\/\/www.upo.es\/patio-colorado\/wp-json\/wp\/v2\/media?parent=10207"}],"wp:term":[{"taxonomy":"category","embeddable":true,"href":"https:\/\/www.upo.es\/patio-colorado\/wp-json\/wp\/v2\/categories?post=10207"},{"taxonomy":"post_tag","embeddable":true,"href":"https:\/\/www.upo.es\/patio-colorado\/wp-json\/wp\/v2\/tags?post=10207"}],"curies":[{"name":"wp","href":"https:\/\/api.w.org\/{rel}","templated":true}]}}